{"id":14747,"date":"2025-03-28T09:39:03","date_gmt":"2025-03-28T08:39:03","guid":{"rendered":"https:\/\/entretormentas.com\/?p=14747"},"modified":"2025-03-28T09:39:04","modified_gmt":"2025-03-28T08:39:04","slug":"en-el-1er-trimestre-de-2025-san-francisco-experimento-importantes-avances-en-infraestructura-vial","status":"publish","type":"post","link":"https:\/\/entretormentas.com\/en-el-1er-trimestre-de-2025-san-francisco-experimento-importantes-avances-en-infraestructura-vial\/","title":{"rendered":"\u00a1EN EL 1ER. TRIMESTRE DE 2025! San Francisco experiment\u00f3 importantes avances en infraestructura vial"},"content":{"rendered":"\n<p><strong>ENTRE TORMENTAS. <\/strong>Durante el primer trimestre del a\u00f1o 2025, la entidad sure\u00f1a obtuvo importantes logros y avances en diversas \u00e1reas de infraestructura vial, gracias a la implementaci\u00f3n de planes estrat\u00e9gicos y la colaboraci\u00f3n entre instituciones gubernamentales y organizaciones comunitarias.<\/p>\n\n\n\n<p>Como parte del Plan de Asfaltado y Bacheo, la municipalidad despleg\u00f3 una serie de intervenciones cruciales para mejorar la transitabilidad y seguridad de las v\u00edas. El caso m\u00e1s reciente es la rehabilitaci\u00f3n integral de la calle 162 del corredor vial Don Bosco cumpliendo con una obra que se mantuvo por muchos a\u00f1os, bajo la m\u00e1s completa desidia y abandono gubernamental de administraciones anteriores.<\/p>\n\n\n\n<p>El abordaje de esta importante arteria vial fue vital, ya que la misma concentra a comerciantes, instituciones educativas y comunidad en general, que conecta con otras zonas del municipio.<\/p>\n\n\n\n<figure class=\"wp-block-image size-large\"><img fetchpriority=\"high\" decoding=\"async\" width=\"1024\" height=\"768\" src=\"https:\/\/entretormentas.com\/wp-content\/uploads\/2025\/03\/image-522-1024x768.png\" alt=\"\" class=\"wp-image-14748\" srcset=\"https:\/\/entretormentas.com\/wp-content\/uploads\/2025\/03\/image-522-1024x768.png 1024w, https:\/\/entretormentas.com\/wp-content\/uploads\/2025\/03\/image-522-300x225.png 300w, https:\/\/entretormentas.com\/wp-content\/uploads\/2025\/03\/image-522-768x576.png 768w, https:\/\/entretormentas.com\/wp-content\/uploads\/2025\/03\/image-522.png 1280w\" sizes=\"(max-width: 1024px) 100vw, 1024px\" \/><\/figure>\n\n\n\n<p>Asimismo, se realizaron trabajos de bacheo y reacondicionamiento en la calle 161, espec\u00edficamente en el tramo comprendido entre la calle 162 y la avenida 40 de la urbanizaci\u00f3n San Francisco. De igual manera se atendi\u00f3 una demanda prioritaria de los residentes del sector La Charrasca en la parroquia Jos\u00e9 Domingo Rus, que clamaban por la recuperaci\u00f3n vial de la entrada de ciudadela Rafael Caldera, mejor conocida como Fundabarrio, que conecta con la calle 200 de la parroquia Jos\u00e9 Domingo Rus, evidenciando cambios y mejoras significativas.<\/p>\n\n\n\n<p>La avenida 49 del barrio 24 de julio, entres las calles 175 y 178 tambi\u00e9n fueron objeto de una gran transformaci\u00f3n que le proporcion\u00f3 un nuevo rostro a esta conocida zona residencial en la parroquia Domitila Flores, optimizando el paso vehicular de transporte p\u00fablico y privado.<\/p>\n\n\n\n<p>Por su parte, la unidad de bacheo municipal intensific\u00f3 sus labores, atendiendo diversos puntos cr\u00edticos, tales como; El sector Los Cocos, en la parroquia Domitila Flores, la avenida 5, con calle 158 de la urbanizaci\u00f3n San Francisco, la calle 171 de la urbanizaci\u00f3n La Coromoto, la avenida 10 del sector Sierra Maestra, en la parroquia Francisco Ochoa y la avenida 48, v\u00eda a La Ca\u00f1ada de Urdaneta, entre otras.<\/p>\n\n\n\n<p>Tambi\u00e9n se realizaron trabajos de mejoramiento de la vialidad en la avenida 9 y en la intersecci\u00f3n de la avenida 41 con calle 168 en la urbanizaci\u00f3n La Coromoto, respondiendo de manera efectiva a las necesidades de mantenimiento en estas importantes v\u00edas de comunicaci\u00f3n.<\/p>\n\n\n\n<figure class=\"wp-block-image size-large\"><img decoding=\"async\" width=\"1024\" height=\"682\" src=\"https:\/\/entretormentas.com\/wp-content\/uploads\/2025\/03\/image-524-1024x682.png\" alt=\"\" class=\"wp-image-14750\" srcset=\"https:\/\/entretormentas.com\/wp-content\/uploads\/2025\/03\/image-524-1024x682.png 1024w, https:\/\/entretormentas.com\/wp-content\/uploads\/2025\/03\/image-524-300x200.png 300w, https:\/\/entretormentas.com\/wp-content\/uploads\/2025\/03\/image-524-768x512.png 768w, https:\/\/entretormentas.com\/wp-content\/uploads\/2025\/03\/image-524.png 1280w\" sizes=\"(max-width: 1024px) 100vw, 1024px\" \/><\/figure>\n\n\n\n<p>En lo que respecta a demarcaci\u00f3n vial se trazaron l\u00edneas continuas y discontinuas, as\u00ed como la aplicaci\u00f3n de pintura para se\u00f1ales viales, abarcando una longitud total de 26,5 kil\u00f3metros. Estas acciones contribuyen a mejorar la seguridad vial y la orientaci\u00f3n de conductores y peatones.<\/p>\n\n\n\n<p>El alcalde Fern\u00e1ndez contin\u00faa trabajando en favor de las comunidades, garantizando la seguridad vial y peatonal, contribuyendo con la modernizaci\u00f3n, embellecimiento y planificaci\u00f3n urban\u00edstica de la ciudad.<br><strong>ET \/ Alcald\u00eda de San Francisco<\/strong><\/p>\n\n\n\n<p><\/p>\n","protected":false},"excerpt":{"rendered":"<p>ENTRE TORMENTAS. Durante el primer trimestre del a\u00f1o 2025, la entidad sure\u00f1a obtuvo importantes logros&#8230;<\/p>\n","protected":false},"author":2,"featured_media":14749,"comment_status":"closed","ping_status":"open","sticky":false,"template":"","format":"standard","meta":{"footnotes":""},"categories":[57,1],"tags":[],"class_list":["post-14747","post","type-post","status-publish","format-standard","has-post-thumbnail","hentry","category-actualidad","category-regionales"],"_links":{"self":[{"href":"https:\/\/entretormentas.com\/index.php?rest_route=\/wp\/v2\/posts\/14747","targetHints":{"allow":["GET"]}}],"collection":[{"href":"https:\/\/entretormentas.com\/index.php?rest_route=\/wp\/v2\/posts"}],"about":[{"href":"https:\/\/entretormentas.com\/index.php?rest_route=\/wp\/v2\/types\/post"}],"author":[{"embeddable":true,"href":"https:\/\/entretormentas.com\/index.php?rest_route=\/wp\/v2\/users\/2"}],"replies":[{"embeddable":true,"href":"https:\/\/entretormentas.com\/index.php?rest_route=%2Fwp%2Fv2%2Fcomments&post=14747"}],"version-history":[{"count":1,"href":"https:\/\/entretormentas.com\/index.php?rest_route=\/wp\/v2\/posts\/14747\/revisions"}],"predecessor-version":[{"id":14751,"href":"https:\/\/entretormentas.com\/index.php?rest_route=\/wp\/v2\/posts\/14747\/revisions\/14751"}],"wp:featuredmedia":[{"embeddable":true,"href":"https:\/\/entretormentas.com\/index.php?rest_route=\/wp\/v2\/media\/14749"}],"wp:attachment":[{"href":"https:\/\/entretormentas.com\/index.php?rest_route=%2Fwp%2Fv2%2Fmedia&parent=14747"}],"wp:term":[{"taxonomy":"category","embeddable":true,"href":"https:\/\/entretormentas.com\/index.php?rest_route=%2Fwp%2Fv2%2Fcategories&post=14747"},{"taxonomy":"post_tag","embeddable":true,"href":"https:\/\/entretormentas.com\/index.php?rest_route=%2Fwp%2Fv2%2Ftags&post=14747"}],"curies":[{"name":"wp","href":"https:\/\/api.w.org\/{rel}","templated":true}]}}