{"id":14752,"date":"2025-03-28T09:42:47","date_gmt":"2025-03-28T08:42:47","guid":{"rendered":"https:\/\/entretormentas.com\/?p=14752"},"modified":"2025-03-28T09:42:47","modified_gmt":"2025-03-28T08:42:47","slug":"edicion-especial-alcaldia-de-maracaibo-lleva-la-feria-de-artesania-y-turismo-a-gran-bazar","status":"publish","type":"post","link":"https:\/\/entretormentas.com\/edicion-especial-alcaldia-de-maracaibo-lleva-la-feria-de-artesania-y-turismo-a-gran-bazar\/","title":{"rendered":"\u00a1EDICI\u00d3N ESPECIAL! Alcald\u00eda de Maracaibo lleva la feria de Artesan\u00eda y Turismo a Gran Bazar"},"content":{"rendered":"\n<p><strong>ENTRE TORMENTAS. <\/strong>Este viernes 28 y s\u00e1bado 29 de marzo la Alcald\u00eda de Maracaibo realizar\u00e1, a trav\u00e9s de la Direcci\u00f3n de Turismo, la edici\u00f3n especial de la feria de Artesan\u00eda y Turismo en la plaza central del centro comercial Gran Bazar, ubicado en el casco central de la ciudad.<\/p>\n\n\n\n<p>Doce artesanos del mercado San Sebasti\u00e1n ser\u00e1n los protagonistas de este evento que destacar\u00e1 la creatividad y el gran trabajo de estos artistas marabinos.<\/p>\n\n\n\n<figure class=\"wp-block-image size-large\"><img fetchpriority=\"high\" decoding=\"async\" width=\"1024\" height=\"576\" src=\"https:\/\/entretormentas.com\/wp-content\/uploads\/2025\/03\/image-527-1024x576.png\" alt=\"\" class=\"wp-image-14755\" srcset=\"https:\/\/entretormentas.com\/wp-content\/uploads\/2025\/03\/image-527-1024x576.png 1024w, https:\/\/entretormentas.com\/wp-content\/uploads\/2025\/03\/image-527-300x169.png 300w, https:\/\/entretormentas.com\/wp-content\/uploads\/2025\/03\/image-527-768x432.png 768w, https:\/\/entretormentas.com\/wp-content\/uploads\/2025\/03\/image-527.png 1280w\" sizes=\"(max-width: 1024px) 100vw, 1024px\" \/><\/figure>\n\n\n\n<p>Durante esta edici\u00f3n que iniciar\u00e1 a las 9:00 de la ma\u00f1ana y culminar\u00e1 a las 7:00 de noche, tambi\u00e9n participar\u00e1n emprendedores que hacen vida en el casco central de la ciudad de Maracaibo como el agua de coco y dulcer\u00eda criolla. Esta nueva edici\u00f3n contar\u00e1 con la presentaci\u00f3n de Danzas Municipales bajo el apoyo de la direcci\u00f3n de Cultura de la Alcald\u00eda de Maracaibo.<\/p>\n\n\n\n<p>Mar\u00eda Y\u00e1nez, presidenta de la Fundaci\u00f3n Fondo Municipal de Turismo de Maracaibo (Fomutur), resalt\u00f3 que, aunque ya se realizaron 10 ediciones de la feria Artesan\u00eda Y Turismo, esta \u201cespecial\u201d es la primera vez que se realiza en el mencionado centro comercial.<\/p>\n\n\n\n<figure class=\"wp-block-image size-large\"><img decoding=\"async\" width=\"1024\" height=\"576\" src=\"https:\/\/entretormentas.com\/wp-content\/uploads\/2025\/03\/image-526-1024x576.png\" alt=\"\" class=\"wp-image-14754\" srcset=\"https:\/\/entretormentas.com\/wp-content\/uploads\/2025\/03\/image-526-1024x576.png 1024w, https:\/\/entretormentas.com\/wp-content\/uploads\/2025\/03\/image-526-300x169.png 300w, https:\/\/entretormentas.com\/wp-content\/uploads\/2025\/03\/image-526-768x432.png 768w, https:\/\/entretormentas.com\/wp-content\/uploads\/2025\/03\/image-526.png 1280w\" sizes=\"(max-width: 1024px) 100vw, 1024px\" \/><\/figure>\n\n\n\n<p>\u201cCon esto promocionamos la artesan\u00eda wayuu y otras categor\u00edas en otro espacio de nuestra ciudad, dando a conocer el origen de nuestra cultura\u201d, recalc\u00f3.<\/p>\n\n\n\n<p>Y\u00e1nez adelant\u00f3 que la Direcci\u00f3n de Turismo celebrar\u00e1 el mes de las madres (mayo) con la 11 edici\u00f3n de la feria Artesan\u00eda y Turismo que permitir\u00e1 la participaci\u00f3n de m\u00e1s de 30 artesanos y emprendedores, evento que se llevar\u00e1 a cabo en el Sambil Maracaibo.<br><strong><em>ET \/ DCI Alcald\u00eda de Maracaibo<\/em><\/strong><\/p>\n","protected":false},"excerpt":{"rendered":"<p>ENTRE TORMENTAS. Este viernes 28 y s\u00e1bado 29 de marzo la Alcald\u00eda de Maracaibo realizar\u00e1,&#8230;<\/p>\n","protected":false},"author":2,"featured_media":14753,"comment_status":"closed","ping_status":"open","sticky":false,"template":"","format":"standard","meta":{"footnotes":""},"categories":[57,1],"tags":[],"class_list":["post-14752","post","type-post","status-publish","format-standard","has-post-thumbnail","hentry","category-actualidad","category-regionales"],"_links":{"self":[{"href":"https:\/\/entretormentas.com\/index.php?rest_route=\/wp\/v2\/posts\/14752","targetHints":{"allow":["GET"]}}],"collection":[{"href":"https:\/\/entretormentas.com\/index.php?rest_route=\/wp\/v2\/posts"}],"about":[{"href":"https:\/\/entretormentas.com\/index.php?rest_route=\/wp\/v2\/types\/post"}],"author":[{"embeddable":true,"href":"https:\/\/entretormentas.com\/index.php?rest_route=\/wp\/v2\/users\/2"}],"replies":[{"embeddable":true,"href":"https:\/\/entretormentas.com\/index.php?rest_route=%2Fwp%2Fv2%2Fcomments&post=14752"}],"version-history":[{"count":1,"href":"https:\/\/entretormentas.com\/index.php?rest_route=\/wp\/v2\/posts\/14752\/revisions"}],"predecessor-version":[{"id":14756,"href":"https:\/\/entretormentas.com\/index.php?rest_route=\/wp\/v2\/posts\/14752\/revisions\/14756"}],"wp:featuredmedia":[{"embeddable":true,"href":"https:\/\/entretormentas.com\/index.php?rest_route=\/wp\/v2\/media\/14753"}],"wp:attachment":[{"href":"https:\/\/entretormentas.com\/index.php?rest_route=%2Fwp%2Fv2%2Fmedia&parent=14752"}],"wp:term":[{"taxonomy":"category","embeddable":true,"href":"https:\/\/entretormentas.com\/index.php?rest_route=%2Fwp%2Fv2%2Fcategories&post=14752"},{"taxonomy":"post_tag","embeddable":true,"href":"https:\/\/entretormentas.com\/index.php?rest_route=%2Fwp%2Fv2%2Ftags&post=14752"}],"curies":[{"name":"wp","href":"https:\/\/api.w.org\/{rel}","templated":true}]}}