{"id":14764,"date":"2025-03-28T09:51:19","date_gmt":"2025-03-28T08:51:19","guid":{"rendered":"https:\/\/entretormentas.com\/?p=14764"},"modified":"2025-03-28T09:51:19","modified_gmt":"2025-03-28T08:51:19","slug":"referente-vinotinto-salomon-rondon-forma-parte-del-once-ideal-de-las-ultimas-jornadas-de-la-eliminatoria","status":"publish","type":"post","link":"https:\/\/entretormentas.com\/referente-vinotinto-salomon-rondon-forma-parte-del-once-ideal-de-las-ultimas-jornadas-de-la-eliminatoria\/","title":{"rendered":"\u00a1REFERENTE VINOTINTO! Salom\u00f3n Rond\u00f3n forma parte del once ideal de las \u00faltimas jornadas de la Eliminatoria"},"content":{"rendered":"\n<p><strong>ENTRE TORMENTAS.<\/strong> La Confederaci\u00f3n Sudamericana de F\u00fatbol (Conmebol) escogi\u00f3 el once ideal de las jornadas 13 y 14 de las Eliminatorias y el capit\u00e1n de la Vinotinto, Salom\u00f3n Rond\u00f3n, form\u00f3 parte de este grupo, tras marcar el gol de la victoria ante Per\u00fa.<\/p>\n\n\n\n<p>El criollo qued\u00f3 acompa\u00f1ado en la delantera con el ecuatoriano Enner Valencia y el argentino Juli\u00e1n \u00c1lvarez.<\/p>\n\n\n\n<figure class=\"wp-block-image size-full\"><img fetchpriority=\"high\" decoding=\"async\" width=\"960\" height=\"640\" src=\"https:\/\/entretormentas.com\/wp-content\/uploads\/2025\/03\/image-532.png\" alt=\"\" class=\"wp-image-14766\" srcset=\"https:\/\/entretormentas.com\/wp-content\/uploads\/2025\/03\/image-532.png 960w, https:\/\/entretormentas.com\/wp-content\/uploads\/2025\/03\/image-532-300x200.png 300w, https:\/\/entretormentas.com\/wp-content\/uploads\/2025\/03\/image-532-768x512.png 768w\" sizes=\"(max-width: 960px) 100vw, 960px\" \/><\/figure>\n\n\n\n<p>El mediocampo estuvo compuesto por el paraguayo Julio Enciso, as\u00ed como los argentinos Enzo Fern\u00e1ndez y Alexis Mac Allister.<\/p>\n\n\n\n<p>En la defensa destaca la presencia de los paraguayos Juan C\u00e1ceres y Omar Alderete, el ecuatoriano William Pacho y el argentino Nicol\u00e1s Tagliafico. Mientras que en la porter\u00eda fue escogido el uruguayo Sergio Rochet.<\/p>\n\n\n\n<p>La Vinotinto super\u00f3 este martes 1-0 a la selecci\u00f3n de Per\u00fa para ubicarse moment\u00e1neamente en el puesto de repechaje para la pr\u00f3xima Copa del Mundo, a falta de cuatro partidos para que finalice la eliminatoria, en un encuentro que estuvo cargado de intensidad por parte de los dos conjuntos.<br><strong><em>ET \/ Agencias<\/em><\/strong><\/p>\n","protected":false},"excerpt":{"rendered":"<p>ENTRE TORMENTAS. La Confederaci\u00f3n Sudamericana de F\u00fatbol (Conmebol) escogi\u00f3 el once ideal de las jornadas&#8230;<\/p>\n","protected":false},"author":2,"featured_media":14765,"comment_status":"closed","ping_status":"open","sticky":false,"template":"","format":"standard","meta":{"footnotes":""},"categories":[53,56],"tags":[],"class_list":["post-14764","post","type-post","status-publish","format-standard","has-post-thumbnail","hentry","category-deportes","category-destacadas"],"_links":{"self":[{"href":"https:\/\/entretormentas.com\/index.php?rest_route=\/wp\/v2\/posts\/14764","targetHints":{"allow":["GET"]}}],"collection":[{"href":"https:\/\/entretormentas.com\/index.php?rest_route=\/wp\/v2\/posts"}],"about":[{"href":"https:\/\/entretormentas.com\/index.php?rest_route=\/wp\/v2\/types\/post"}],"author":[{"embeddable":true,"href":"https:\/\/entretormentas.com\/index.php?rest_route=\/wp\/v2\/users\/2"}],"replies":[{"embeddable":true,"href":"https:\/\/entretormentas.com\/index.php?rest_route=%2Fwp%2Fv2%2Fcomments&post=14764"}],"version-history":[{"count":1,"href":"https:\/\/entretormentas.com\/index.php?rest_route=\/wp\/v2\/posts\/14764\/revisions"}],"predecessor-version":[{"id":14767,"href":"https:\/\/entretormentas.com\/index.php?rest_route=\/wp\/v2\/posts\/14764\/revisions\/14767"}],"wp:featuredmedia":[{"embeddable":true,"href":"https:\/\/entretormentas.com\/index.php?rest_route=\/wp\/v2\/media\/14765"}],"wp:attachment":[{"href":"https:\/\/entretormentas.com\/index.php?rest_route=%2Fwp%2Fv2%2Fmedia&parent=14764"}],"wp:term":[{"taxonomy":"category","embeddable":true,"href":"https:\/\/entretormentas.com\/index.php?rest_route=%2Fwp%2Fv2%2Fcategories&post=14764"},{"taxonomy":"post_tag","embeddable":true,"href":"https:\/\/entretormentas.com\/index.php?rest_route=%2Fwp%2Fv2%2Ftags&post=14764"}],"curies":[{"name":"wp","href":"https:\/\/api.w.org\/{rel}","templated":true}]}}