{"id":14768,"date":"2025-03-28T09:53:53","date_gmt":"2025-03-28T08:53:53","guid":{"rendered":"https:\/\/entretormentas.com\/?p=14768"},"modified":"2025-03-28T09:53:54","modified_gmt":"2025-03-28T08:53:54","slug":"junto-a-andres-velazquez-cabello-afirma-que-mcm-esta-vinculada-a-planes-contra-el-sistema-electrico","status":"publish","type":"post","link":"https:\/\/entretormentas.com\/junto-a-andres-velazquez-cabello-afirma-que-mcm-esta-vinculada-a-planes-contra-el-sistema-electrico\/","title":{"rendered":"\u00a1JUNTO A ANDR\u00c9S VEL\u00c1ZQUEZ! Cabello afirma que MCM est\u00e1 vinculada a planes contra el sistema el\u00e9ctrico"},"content":{"rendered":"\n<p><strong>ENTRE TORMENTAS. <\/strong>El ministro de Interior y Justicia, Diosdado Cabello, acus\u00f3 a la opositora Mar\u00eda Corina Machado de estar vinculada a un presunto plan para atacar el sistema el\u00e9ctrico del pa\u00eds.<\/p>\n\n\n\n<p>Cabello asegur\u00f3 que Mar\u00eda Corina, junto al dirigente Andr\u00e9s Vel\u00e1zquez, estar\u00eda involucrada en un presunto plan denominado \u201ccolapso total\u201d, cuyo objetivo ser\u00eda profundizar los efectos de las sanciones internacionales mediante ataques a infraestructuras clave como el sistema el\u00e9ctrico, los acueductos y las instalaciones petroleras.<\/p>\n\n\n\n<p>\u00abAhora viene lo grave del asunto. El piojoso de Andr\u00e9s Vel\u00e1zquez es uno de los que est\u00e1 ayudando a Cori con esta nueva aventura. Y \u00e9l le dijo hace dos d\u00edas a un empresario: \u2018te env\u00edo el nombre por WeChat\u2019. Ese nombre ya lo tengo\u00bb, ley\u00f3 Cabello en una supuesta carta enviada por una patriota cooperante.<br><strong><em>ET \/ Impacto Venezuela<\/em><\/strong><\/p>\n","protected":false},"excerpt":{"rendered":"<p>ENTRE TORMENTAS. El ministro de Interior y Justicia, Diosdado Cabello, acus\u00f3 a la opositora Mar\u00eda&#8230;<\/p>\n","protected":false},"author":2,"featured_media":14769,"comment_status":"closed","ping_status":"open","sticky":false,"template":"","format":"standard","meta":{"footnotes":""},"categories":[56,49],"tags":[],"class_list":["post-14768","post","type-post","status-publish","format-standard","has-post-thumbnail","hentry","category-destacadas","category-nacionales"],"_links":{"self":[{"href":"https:\/\/entretormentas.com\/index.php?rest_route=\/wp\/v2\/posts\/14768","targetHints":{"allow":["GET"]}}],"collection":[{"href":"https:\/\/entretormentas.com\/index.php?rest_route=\/wp\/v2\/posts"}],"about":[{"href":"https:\/\/entretormentas.com\/index.php?rest_route=\/wp\/v2\/types\/post"}],"author":[{"embeddable":true,"href":"https:\/\/entretormentas.com\/index.php?rest_route=\/wp\/v2\/users\/2"}],"replies":[{"embeddable":true,"href":"https:\/\/entretormentas.com\/index.php?rest_route=%2Fwp%2Fv2%2Fcomments&post=14768"}],"version-history":[{"count":1,"href":"https:\/\/entretormentas.com\/index.php?rest_route=\/wp\/v2\/posts\/14768\/revisions"}],"predecessor-version":[{"id":14770,"href":"https:\/\/entretormentas.com\/index.php?rest_route=\/wp\/v2\/posts\/14768\/revisions\/14770"}],"wp:featuredmedia":[{"embeddable":true,"href":"https:\/\/entretormentas.com\/index.php?rest_route=\/wp\/v2\/media\/14769"}],"wp:attachment":[{"href":"https:\/\/entretormentas.com\/index.php?rest_route=%2Fwp%2Fv2%2Fmedia&parent=14768"}],"wp:term":[{"taxonomy":"category","embeddable":true,"href":"https:\/\/entretormentas.com\/index.php?rest_route=%2Fwp%2Fv2%2Fcategories&post=14768"},{"taxonomy":"post_tag","embeddable":true,"href":"https:\/\/entretormentas.com\/index.php?rest_route=%2Fwp%2Fv2%2Ftags&post=14768"}],"curies":[{"name":"wp","href":"https:\/\/api.w.org\/{rel}","templated":true}]}}