{"id":14774,"date":"2025-03-28T09:59:11","date_gmt":"2025-03-28T08:59:11","guid":{"rendered":"https:\/\/entretormentas.com\/?p=14774"},"modified":"2025-03-28T09:59:12","modified_gmt":"2025-03-28T08:59:12","slug":"respuesta-oficial-canciller-yvan-gil-exige-a-marco-rubio-que-saque-sus-narices-de-venezuela","status":"publish","type":"post","link":"https:\/\/entretormentas.com\/respuesta-oficial-canciller-yvan-gil-exige-a-marco-rubio-que-saque-sus-narices-de-venezuela\/","title":{"rendered":"\u00a1RESPUESTA OFICIAL! Canciller Yv\u00e1n Gil exige a Marco Rubio que saque sus narices de Venezuela"},"content":{"rendered":"\n<p><strong>ENTRE TORMENTAS. <\/strong>Ante las declaraciones del funcionario estadounidense Marco Rubio, asumiendo una posici\u00f3n a favor de Guyana en torno a la controversia sobre el territorio de la Guayana Esequiba, el canciller Yv\u00e1n Gil en su canal de Telegram, precis\u00f3 que Venezuela \u00abno se rinde ante intimidaciones , ni cede ante el chantaje\u00bb.<\/p>\n\n\n\n<p>Seg\u00fan informaciones difundidas por medios internacionales, el funcionario estadounidense, quien se encuentra en Georgetown, (capital de Guyana), amenaz\u00f3 al pa\u00eds durante una rueda de prensa al afirmar que \u00absi atacaran a Guyana o a ExxonMobil, ser\u00eda un d\u00eda muy malo, una semana muy mala, para ellos. No terminar\u00eda bien\u201d.<\/p>\n\n\n\n<p>Igualmente, se\u00f1al\u00f3 que buscar\u00eda \u00ablas formas de apoyarlos\u00bb (a Guyana) y dijo que est\u00e1n comprometidos ya que se trata \u00abde ser un socio en la prosperidad\u00bb.<\/p>\n\n\n\n<p>\u00abMarco Rubio no nos sorprende. Conocemos ese viejo gui\u00f3n de amenazas y bravuconadas con el cual un acomplejado aspira asustar a los pueblos soberanos\u00bb, enfatiz\u00f3.<\/p>\n\n\n\n<figure class=\"wp-block-image size-large\"><img fetchpriority=\"high\" decoding=\"async\" width=\"1024\" height=\"683\" src=\"https:\/\/entretormentas.com\/wp-content\/uploads\/2025\/03\/image-536-1024x683.png\" alt=\"\" class=\"wp-image-14776\" srcset=\"https:\/\/entretormentas.com\/wp-content\/uploads\/2025\/03\/image-536-1024x683.png 1024w, https:\/\/entretormentas.com\/wp-content\/uploads\/2025\/03\/image-536-300x200.png 300w, https:\/\/entretormentas.com\/wp-content\/uploads\/2025\/03\/image-536-768x512.png 768w, https:\/\/entretormentas.com\/wp-content\/uploads\/2025\/03\/image-536-1536x1024.png 1536w, https:\/\/entretormentas.com\/wp-content\/uploads\/2025\/03\/image-536.png 1920w\" sizes=\"(max-width: 1024px) 100vw, 1024px\" \/><\/figure>\n\n\n\n<p>Gil puntualiz\u00f3 que \u00abVenezuela no se rinde ante intimidaciones, ni cede ante el chantaje de quienes creen que con discursos incendiarios pueden torcer la historia o arrebatar nuestros derechos hist\u00f3ricos, los hijos de Sim\u00f3n Bol\u00edvar no le tienen miedo\u00bb, dijo al hacer referencia de pretensi\u00f3n de Guyana de disponer unilateralmente de un mar pendiente por delimitar de manera ilegal y en violaci\u00f3n del derecho internacional.<\/p>\n\n\n\n<p>\u00ab\u00a1Saque sus narices de esta controversia!\u00bb, exclam\u00f3 el canciller y reiter\u00f3 que \u00abno permitiremos convierta esto en un campo de batalla para los intereses de las transnacionales de la Exxon Mobil y del complejo industrial militar de su pa\u00eds\u00bb, machac\u00f3.<\/p>\n\n\n\n<p>Record\u00f3 el canciller venezolano que Venezuela \u00abes un pa\u00eds amante de la paz, la defenderemos usando para ello todos los medios disponibles, con la fuerza de la raz\u00f3n y la legitimidad de nuestros derechos. No necesitamos ni buscamos conflictos, pero tampoco permitiremos que intereses for\u00e1neos intenten reescribir la realidad sobre nuestro Esequibo. Ese territorio es y ser\u00e1 siempre venezolano, y su recuperaci\u00f3n se dar\u00e1 dentro del \u00fanico marco v\u00e1lido: el Acuerdo de Ginebra de 1966\u00bb.<br><strong><em>ET \/ \u00daltimas Noticias<\/em><\/strong><\/p>\n","protected":false},"excerpt":{"rendered":"<p>ENTRE TORMENTAS. Ante las declaraciones del funcionario estadounidense Marco Rubio, asumiendo una posici\u00f3n a favor&#8230;<\/p>\n","protected":false},"author":2,"featured_media":14775,"comment_status":"closed","ping_status":"open","sticky":false,"template":"","format":"standard","meta":{"footnotes":""},"categories":[56,49],"tags":[],"class_list":["post-14774","post","type-post","status-publish","format-standard","has-post-thumbnail","hentry","category-destacadas","category-nacionales"],"_links":{"self":[{"href":"https:\/\/entretormentas.com\/index.php?rest_route=\/wp\/v2\/posts\/14774","targetHints":{"allow":["GET"]}}],"collection":[{"href":"https:\/\/entretormentas.com\/index.php?rest_route=\/wp\/v2\/posts"}],"about":[{"href":"https:\/\/entretormentas.com\/index.php?rest_route=\/wp\/v2\/types\/post"}],"author":[{"embeddable":true,"href":"https:\/\/entretormentas.com\/index.php?rest_route=\/wp\/v2\/users\/2"}],"replies":[{"embeddable":true,"href":"https:\/\/entretormentas.com\/index.php?rest_route=%2Fwp%2Fv2%2Fcomments&post=14774"}],"version-history":[{"count":1,"href":"https:\/\/entretormentas.com\/index.php?rest_route=\/wp\/v2\/posts\/14774\/revisions"}],"predecessor-version":[{"id":14777,"href":"https:\/\/entretormentas.com\/index.php?rest_route=\/wp\/v2\/posts\/14774\/revisions\/14777"}],"wp:featuredmedia":[{"embeddable":true,"href":"https:\/\/entretormentas.com\/index.php?rest_route=\/wp\/v2\/media\/14775"}],"wp:attachment":[{"href":"https:\/\/entretormentas.com\/index.php?rest_route=%2Fwp%2Fv2%2Fmedia&parent=14774"}],"wp:term":[{"taxonomy":"category","embeddable":true,"href":"https:\/\/entretormentas.com\/index.php?rest_route=%2Fwp%2Fv2%2Fcategories&post=14774"},{"taxonomy":"post_tag","embeddable":true,"href":"https:\/\/entretormentas.com\/index.php?rest_route=%2Fwp%2Fv2%2Ftags&post=14774"}],"curies":[{"name":"wp","href":"https:\/\/api.w.org\/{rel}","templated":true}]}}