{"id":14788,"date":"2025-03-28T11:05:05","date_gmt":"2025-03-28T10:05:05","guid":{"rendered":"https:\/\/entretormentas.com\/?p=14788"},"modified":"2025-03-28T12:58:09","modified_gmt":"2025-03-28T11:58:09","slug":"logro-de-la-comunidad-reactivan-la-ruta-del-transporte-publico-ziruma-en-maracaibo","status":"publish","type":"post","link":"https:\/\/entretormentas.com\/logro-de-la-comunidad-reactivan-la-ruta-del-transporte-publico-ziruma-en-maracaibo\/","title":{"rendered":"\u00a1IMPULSADO POR EL CONCEJAL DANIEL PONNE! Reactivan la ruta del transporte p\u00fablico Ziruma en Maracaibo"},"content":{"rendered":"\n<p><strong>ENTRE TORMENTAS.<\/strong> Luego de algunos a\u00f1os inactiva, un grupo de ciudadanos emprendedores, algunos de ellos que fueron fundadores de la ruta, junto a otros interesados en reactivar la l\u00ednea, se organizaron para ver de nuevo los microbuses de Ziruma en las calles de la ciudad de Maracaibo.<\/p>\n\n\n\n<p>Adem\u00e1s, los usuarios, y vecinos de varios sectores de la capital zuliana, ped\u00edan que se reactivara \u00e9sta ruta tan necesaria por tener un recorrido muy importante y \u00fatil para los maracaiberos.<\/p>\n\n\n\n<figure class=\"wp-block-image size-large\"><img fetchpriority=\"high\" decoding=\"async\" width=\"1024\" height=\"822\" src=\"https:\/\/entretormentas.com\/wp-content\/uploads\/2025\/03\/image-545-1024x822.png\" alt=\"\" class=\"wp-image-14791\" srcset=\"https:\/\/entretormentas.com\/wp-content\/uploads\/2025\/03\/image-545-1024x822.png 1024w, https:\/\/entretormentas.com\/wp-content\/uploads\/2025\/03\/image-545-300x241.png 300w, https:\/\/entretormentas.com\/wp-content\/uploads\/2025\/03\/image-545-768x617.png 768w, https:\/\/entretormentas.com\/wp-content\/uploads\/2025\/03\/image-545.png 1203w\" sizes=\"(max-width: 1024px) 100vw, 1024px\" \/><\/figure>\n\n\n\n<p>El concejal y presidente de la Comisi\u00f3n Permanente de Servicios P\u00fablicos y Transporte de Maracaibo, Daniel Ponne, recalc\u00f3 que se abocaron a hacer realidad un clamor popular.<\/p>\n\n\n\n<p>\u00abLos orientamos, los acompa\u00f1amos y los apoyamos. Se aprob\u00f3 la recuperaci\u00f3n y reactivaci\u00f3n de \u00e9ste servicio, en lo que se conoce como &#8216;La Ruta Ziruma&#8217;, gracias al Imtcuma\u00bb, concluy\u00f3 Ponne.<br><strong><em>ET \/ Nota de Prensa<\/em><\/strong><\/p>\n","protected":false},"excerpt":{"rendered":"<p>ENTRE TORMENTAS. Luego de algunos a\u00f1os inactiva, un grupo de ciudadanos emprendedores, algunos de ellos&#8230;<\/p>\n","protected":false},"author":2,"featured_media":14789,"comment_status":"closed","ping_status":"open","sticky":false,"template":"","format":"standard","meta":{"footnotes":""},"categories":[1],"tags":[],"class_list":["post-14788","post","type-post","status-publish","format-standard","has-post-thumbnail","hentry","category-regionales"],"_links":{"self":[{"href":"https:\/\/entretormentas.com\/index.php?rest_route=\/wp\/v2\/posts\/14788","targetHints":{"allow":["GET"]}}],"collection":[{"href":"https:\/\/entretormentas.com\/index.php?rest_route=\/wp\/v2\/posts"}],"about":[{"href":"https:\/\/entretormentas.com\/index.php?rest_route=\/wp\/v2\/types\/post"}],"author":[{"embeddable":true,"href":"https:\/\/entretormentas.com\/index.php?rest_route=\/wp\/v2\/users\/2"}],"replies":[{"embeddable":true,"href":"https:\/\/entretormentas.com\/index.php?rest_route=%2Fwp%2Fv2%2Fcomments&post=14788"}],"version-history":[{"count":2,"href":"https:\/\/entretormentas.com\/index.php?rest_route=\/wp\/v2\/posts\/14788\/revisions"}],"predecessor-version":[{"id":14794,"href":"https:\/\/entretormentas.com\/index.php?rest_route=\/wp\/v2\/posts\/14788\/revisions\/14794"}],"wp:featuredmedia":[{"embeddable":true,"href":"https:\/\/entretormentas.com\/index.php?rest_route=\/wp\/v2\/media\/14789"}],"wp:attachment":[{"href":"https:\/\/entretormentas.com\/index.php?rest_route=%2Fwp%2Fv2%2Fmedia&parent=14788"}],"wp:term":[{"taxonomy":"category","embeddable":true,"href":"https:\/\/entretormentas.com\/index.php?rest_route=%2Fwp%2Fv2%2Fcategories&post=14788"},{"taxonomy":"post_tag","embeddable":true,"href":"https:\/\/entretormentas.com\/index.php?rest_route=%2Fwp%2Fv2%2Ftags&post=14788"}],"curies":[{"name":"wp","href":"https:\/\/api.w.org\/{rel}","templated":true}]}}