{"id":14802,"date":"2025-03-29T10:37:33","date_gmt":"2025-03-29T09:37:33","guid":{"rendered":"https:\/\/entretormentas.com\/?p=14802"},"modified":"2025-03-29T10:37:33","modified_gmt":"2025-03-29T09:37:33","slug":"accion-esperada-alcaldia-de-maracaibo-inicia-trabajos-de-drenaje-en-ciudadela-faria","status":"publish","type":"post","link":"https:\/\/entretormentas.com\/accion-esperada-alcaldia-de-maracaibo-inicia-trabajos-de-drenaje-en-ciudadela-faria\/","title":{"rendered":"\u00a1ACCI\u00d3N ESPERADA! Alcald\u00eda de Maracaibo inicia trabajos de drenaje en Ciudadela Faria"},"content":{"rendered":"\n<p><strong>ENTRE TORMENTAS. <\/strong>\u00a1Nueva Soluci\u00f3n! La Alcald\u00eda de Maracaibo a trav\u00e9s de la Direcci\u00f3n de Ingenier\u00eda Municipal (DIM), en su compromiso por mejorar la calidad de vida de los ciudadanos, inici\u00f3 el proyecto de construcci\u00f3n de drenaje para aguas fluviales en la urbanizaci\u00f3n Ciudadela Faria, parroquia Idelfonso V\u00e1squez.<\/p>\n\n\n\n<p>Adri\u00e1n Romero Mart\u00ednez, alcalde encargado de Maracaibo, expres\u00f3 que esta obra, largamente esperada por los vecinos, busca solucionar los problemas de inundaciones y estancamiento de aguas que afectan a la comunidad, especialmente durante la temporada de lluvias. \u00abEsta obra representa un paso importante en la mejora de la calidad de vida de nuestros vecinos. El proyecto contempla la instalaci\u00f3n de un sistema de drenaje moderno y eficiente, dise\u00f1ado para canalizar adecuadamente las aguas pluviales y evitar su acumulaci\u00f3n en las calles y avenidas\u201d.<\/p>\n\n\n\n<figure class=\"wp-block-image size-large\"><img fetchpriority=\"high\" decoding=\"async\" width=\"1024\" height=\"682\" src=\"https:\/\/entretormentas.com\/wp-content\/uploads\/2025\/03\/image-551-1024x682.png\" alt=\"\" class=\"wp-image-14805\" srcset=\"https:\/\/entretormentas.com\/wp-content\/uploads\/2025\/03\/image-551-1024x682.png 1024w, https:\/\/entretormentas.com\/wp-content\/uploads\/2025\/03\/image-551-300x200.png 300w, https:\/\/entretormentas.com\/wp-content\/uploads\/2025\/03\/image-551-768x512.png 768w, https:\/\/entretormentas.com\/wp-content\/uploads\/2025\/03\/image-551-1536x1023.png 1536w, https:\/\/entretormentas.com\/wp-content\/uploads\/2025\/03\/image-551.png 1600w\" sizes=\"(max-width: 1024px) 100vw, 1024px\" \/><\/figure>\n\n\n\n<p>Adem\u00e1s, se realizar\u00e1n trabajos de pavimentaci\u00f3n y asfaltado en las zonas afectadas, mejorando as\u00ed la vialidad y la movilidad en la urbanizaci\u00f3n.<\/p>\n\n\n\n<p>Carlo Guanipa, director del DIM, detall\u00f3 que el torrente de agua que pasaba por el drenaje antiguo, debilit\u00f3 las bases y debido a eso se vino abajo su pared. Los vecinos hicieron un pared\u00f3n para cubrir un poco el \u00e1rea de la urbanizaci\u00f3n, pero con la acumulaci\u00f3n de los desechos y la lluvia termin\u00f3 de venirse abajo.<\/p>\n\n\n\n<p>\u201cNosotros arrancaremos los trabajos con 13 metros c\u00fabicos de concreto vaciado para construir el drenaje que nos ayudar\u00e1 con las aguas pluviales. Adem\u00e1s, se construir\u00e1 una pared con ventanas de captaci\u00f3n para mayor fluidez\u201d, se\u00f1al\u00f3 Guanipa.<\/p>\n\n\n\n<p>Los vecinos de Ciudadela Faria y sectores aleda\u00f1os se mostraron sumamente satisfechos ya que con estos trabajos se les reducir\u00e1 el riesgo de inundaciones y estancamiento de aguas, movilidad en la urbanizaci\u00f3n.<\/p>\n\n\n\n<figure class=\"wp-block-image size-large\"><img decoding=\"async\" width=\"1024\" height=\"682\" src=\"https:\/\/entretormentas.com\/wp-content\/uploads\/2025\/03\/image-550-1024x682.png\" alt=\"\" class=\"wp-image-14804\" srcset=\"https:\/\/entretormentas.com\/wp-content\/uploads\/2025\/03\/image-550-1024x682.png 1024w, https:\/\/entretormentas.com\/wp-content\/uploads\/2025\/03\/image-550-300x200.png 300w, https:\/\/entretormentas.com\/wp-content\/uploads\/2025\/03\/image-550-768x512.png 768w, https:\/\/entretormentas.com\/wp-content\/uploads\/2025\/03\/image-550-1536x1023.png 1536w, https:\/\/entretormentas.com\/wp-content\/uploads\/2025\/03\/image-550.png 1600w\" sizes=\"(max-width: 1024px) 100vw, 1024px\" \/><\/figure>\n\n\n\n<p>Moraima de Medrano, vicepresidenta de la Asociaci\u00f3n de Vecinos del Conjunto Residencial Ciudadela Faria, detall\u00f3 que esta solicitud le fue realizada al alcalde Rafael Ram\u00edrez Colina en julio del a\u00f1o pasado, durante un recorrido por la zona luego de unas fuertes lluvias en el 2024.<\/p>\n\n\n\n<p>\u201cLe doy gracias a Dios de que el alcalde encargado, Adri\u00e1n Romero Mart\u00ednez, vino a cumplir con el compromiso adquirido por Ram\u00edrez Colina en su visita. Esta situaci\u00f3n nos hace padecer a todos cada vez que la ca\u00f1ada se inunda. Era imposible pasar porque el hueco no se ve\u00eda y hasta un carro se pod\u00eda caer. Ten\u00edamos casi cinco a\u00f1os padeciendo con lo mismo y estoy segura que esto nos va a cambiar la vida\u201d, concluy\u00f3 la vecina.<br><strong><em>ET \/ DCI Alcald\u00eda de Maracaibo<\/em><\/strong><\/p>\n\n\n\n<p><\/p>\n","protected":false},"excerpt":{"rendered":"<p>ENTRE TORMENTAS. \u00a1Nueva Soluci\u00f3n! La Alcald\u00eda de Maracaibo a trav\u00e9s de la Direcci\u00f3n de Ingenier\u00eda&#8230;<\/p>\n","protected":false},"author":2,"featured_media":14803,"comment_status":"closed","ping_status":"open","sticky":false,"template":"","format":"standard","meta":{"footnotes":""},"categories":[1],"tags":[],"class_list":["post-14802","post","type-post","status-publish","format-standard","has-post-thumbnail","hentry","category-regionales"],"_links":{"self":[{"href":"https:\/\/entretormentas.com\/index.php?rest_route=\/wp\/v2\/posts\/14802","targetHints":{"allow":["GET"]}}],"collection":[{"href":"https:\/\/entretormentas.com\/index.php?rest_route=\/wp\/v2\/posts"}],"about":[{"href":"https:\/\/entretormentas.com\/index.php?rest_route=\/wp\/v2\/types\/post"}],"author":[{"embeddable":true,"href":"https:\/\/entretormentas.com\/index.php?rest_route=\/wp\/v2\/users\/2"}],"replies":[{"embeddable":true,"href":"https:\/\/entretormentas.com\/index.php?rest_route=%2Fwp%2Fv2%2Fcomments&post=14802"}],"version-history":[{"count":1,"href":"https:\/\/entretormentas.com\/index.php?rest_route=\/wp\/v2\/posts\/14802\/revisions"}],"predecessor-version":[{"id":14806,"href":"https:\/\/entretormentas.com\/index.php?rest_route=\/wp\/v2\/posts\/14802\/revisions\/14806"}],"wp:featuredmedia":[{"embeddable":true,"href":"https:\/\/entretormentas.com\/index.php?rest_route=\/wp\/v2\/media\/14803"}],"wp:attachment":[{"href":"https:\/\/entretormentas.com\/index.php?rest_route=%2Fwp%2Fv2%2Fmedia&parent=14802"}],"wp:term":[{"taxonomy":"category","embeddable":true,"href":"https:\/\/entretormentas.com\/index.php?rest_route=%2Fwp%2Fv2%2Fcategories&post=14802"},{"taxonomy":"post_tag","embeddable":true,"href":"https:\/\/entretormentas.com\/index.php?rest_route=%2Fwp%2Fv2%2Ftags&post=14802"}],"curies":[{"name":"wp","href":"https:\/\/api.w.org\/{rel}","templated":true}]}}