{"id":14817,"date":"2025-03-29T10:52:31","date_gmt":"2025-03-29T09:52:31","guid":{"rendered":"https:\/\/entretormentas.com\/?p=14817"},"modified":"2025-03-29T10:52:31","modified_gmt":"2025-03-29T09:52:31","slug":"accion-social-alcaldia-de-san-francisco-realiza-jornada-de-esterilizacion-felina","status":"publish","type":"post","link":"https:\/\/entretormentas.com\/accion-social-alcaldia-de-san-francisco-realiza-jornada-de-esterilizacion-felina\/","title":{"rendered":"\u00a1ACCI\u00d3N SOCIAL! Alcald\u00eda de San Francisco realiza jornada de esterilizaci\u00f3n felina"},"content":{"rendered":"\n<p><strong>ENTRE TORMENTAS.<\/strong> La alcald\u00eda de San Francisco, a trav\u00e9s de la gerencia de Desarrollo Social y Participaci\u00f3n Ciudadana y la Unidad Municipal de Protecci\u00f3n Animal San Francisco de As\u00eds (UMPASFA) realiz\u00f3 este viernes una jornada de esterilizaci\u00f3n felina.<\/p>\n\n\n\n<p>La actividad tuvo lugar en la sede de UMPASFA, ubicada en la avenida 39, Plaza del Ateneo de San Francisco, donde 50 felinos fueron beneficiados, 30 a costos solidarios y 20 comunitarios totalmente gratuitos, que incluyeron un paquete de; Antibi\u00f3tico, analg\u00e9sico, crema cicatrizante y corte de u\u00f1as.<\/p>\n\n\n\n<p>Fabiana Mar\u00edn, gerente de Desarrollo Social y Participaci\u00f3n Ciudadana del ayuntamiento sure\u00f1o, resalt\u00f3 que UMPASFA es una organizaci\u00f3n creada para la protecci\u00f3n y cuidado de las mascotas en San Francisco, cuyo objetivo principal es promover la adopci\u00f3n, educar sobre la tenencia responsable y proporcionar atenci\u00f3n m\u00e9dica veterinaria a los animales necesitados. \u00abEsta jornada representa una gran oportunidad para cuidar de nuestros amigos peludos y contribuir con su bienestar\u00bb, acot\u00f3.<\/p>\n\n\n\n<figure class=\"wp-block-image size-large\"><img fetchpriority=\"high\" decoding=\"async\" width=\"768\" height=\"1024\" src=\"https:\/\/entretormentas.com\/wp-content\/uploads\/2025\/03\/image-559-768x1024.png\" alt=\"\" class=\"wp-image-14819\" srcset=\"https:\/\/entretormentas.com\/wp-content\/uploads\/2025\/03\/image-559-768x1024.png 768w, https:\/\/entretormentas.com\/wp-content\/uploads\/2025\/03\/image-559-225x300.png 225w, https:\/\/entretormentas.com\/wp-content\/uploads\/2025\/03\/image-559.png 960w\" sizes=\"(max-width: 768px) 100vw, 768px\" \/><\/figure>\n\n\n\n<p>Agreg\u00f3 que \u00aben el municipio existe una red de proteccionistas a nivel de todas las parroquias, con los cuales trabajamos en conjunto para brindar la atenci\u00f3n correspondiente a los felinos y caninos comunitarios, sin costo alguno en este tipo de jornadas, previo censo y ubicaci\u00f3n. Igualmente en alianza con la fundaci\u00f3n capufajitas se realiz\u00f3 la venta de una faja post operatoria a precio solidario, cuyos recursos recaudados son destinados para la protecci\u00f3n animal\u00bb.<\/p>\n\n\n\n<p>Esta iniciativa estuvo dirigida por un calificado grupo de m\u00e9dicos veterinarios, capacitados para la ejecuci\u00f3n de jornadas de higiene, esterilizaci\u00f3n y medicina preventiva, diagnosticando, controlando y erradicando enfermedades en las especies animales, a trav\u00e9s de planes de atenci\u00f3n primaria autogestionada.<\/p>\n\n\n\n<p>Carolina Ocando, propietaria de una gata siam\u00e9s de un a\u00f1o de edad, expres\u00f3 su satisfacci\u00f3n y agradecimiento por este tipo de jornadas que son de f\u00e1cil acceso, ya que en los centros cl\u00ednicos privados \u00ablos costos de estos servicios son muy altos y la mayor\u00eda de los que estamos aqu\u00ed es porque no contamos con suficientes recursos para darle una mejor calidad de vida a nuestras mascotas\u00bb, detall\u00f3.<\/p>\n\n\n\n<p>El alcalde Gustavo Fern\u00e1ndez, junto a su equipo de trabajo, contin\u00faa atendiendo las solicitudes de los ciudadanos de San Francisco, no solo en la consecuci\u00f3n de programas sociales, proyectos, obras y servicios, sino tambi\u00e9n en el bienestar y salud de nuestros m\u00e1s fieles amigos.<br><strong><em>ET \/ Alcald\u00eda de San Francisco<\/em><\/strong><\/p>\n\n\n\n<p><\/p>\n","protected":false},"excerpt":{"rendered":"<p>ENTRE TORMENTAS. La alcald\u00eda de San Francisco, a trav\u00e9s de la gerencia de Desarrollo Social&#8230;<\/p>\n","protected":false},"author":2,"featured_media":14818,"comment_status":"closed","ping_status":"open","sticky":false,"template":"","format":"standard","meta":{"footnotes":""},"categories":[57,1],"tags":[],"class_list":["post-14817","post","type-post","status-publish","format-standard","has-post-thumbnail","hentry","category-actualidad","category-regionales"],"_links":{"self":[{"href":"https:\/\/entretormentas.com\/index.php?rest_route=\/wp\/v2\/posts\/14817","targetHints":{"allow":["GET"]}}],"collection":[{"href":"https:\/\/entretormentas.com\/index.php?rest_route=\/wp\/v2\/posts"}],"about":[{"href":"https:\/\/entretormentas.com\/index.php?rest_route=\/wp\/v2\/types\/post"}],"author":[{"embeddable":true,"href":"https:\/\/entretormentas.com\/index.php?rest_route=\/wp\/v2\/users\/2"}],"replies":[{"embeddable":true,"href":"https:\/\/entretormentas.com\/index.php?rest_route=%2Fwp%2Fv2%2Fcomments&post=14817"}],"version-history":[{"count":1,"href":"https:\/\/entretormentas.com\/index.php?rest_route=\/wp\/v2\/posts\/14817\/revisions"}],"predecessor-version":[{"id":14820,"href":"https:\/\/entretormentas.com\/index.php?rest_route=\/wp\/v2\/posts\/14817\/revisions\/14820"}],"wp:featuredmedia":[{"embeddable":true,"href":"https:\/\/entretormentas.com\/index.php?rest_route=\/wp\/v2\/media\/14818"}],"wp:attachment":[{"href":"https:\/\/entretormentas.com\/index.php?rest_route=%2Fwp%2Fv2%2Fmedia&parent=14817"}],"wp:term":[{"taxonomy":"category","embeddable":true,"href":"https:\/\/entretormentas.com\/index.php?rest_route=%2Fwp%2Fv2%2Fcategories&post=14817"},{"taxonomy":"post_tag","embeddable":true,"href":"https:\/\/entretormentas.com\/index.php?rest_route=%2Fwp%2Fv2%2Ftags&post=14817"}],"curies":[{"name":"wp","href":"https:\/\/api.w.org\/{rel}","templated":true}]}}