{"id":14836,"date":"2025-03-29T11:09:13","date_gmt":"2025-03-29T10:09:13","guid":{"rendered":"https:\/\/entretormentas.com\/?p=14836"},"modified":"2025-03-29T11:39:12","modified_gmt":"2025-03-29T10:39:12","slug":"propuesta-maduro-plantea-a-empresarios-nacionales-participacion-del-sector-de-refinacion-petrolera","status":"publish","type":"post","link":"https:\/\/entretormentas.com\/propuesta-maduro-plantea-a-empresarios-nacionales-participacion-del-sector-de-refinacion-petrolera\/","title":{"rendered":"\u00a1PROPUESTA! Maduro plantea a empresarios nacionales participaci\u00f3n del sector de refinaci\u00f3n petrolera"},"content":{"rendered":"\n<p><strong>ENTRE TORMENTAS.<\/strong> El presidente de la Rep\u00fablica, Nicol\u00e1s Maduro, plante\u00f3 a los empresarios del pa\u00eds participar del negocio de refinaci\u00f3n petrolera, rese\u00f1a Uni\u00f3n Radio.<\/p>\n\n\n\n<p>Durante la realizaci\u00f3n del Consejo Nacional de Econom\u00eda Productiva, en el Palacio de Miraflores, Maduro anunci\u00f3 la aceleraci\u00f3n de los planes para recuperar la capacidad de refinaci\u00f3n de Venezuela.<\/p>\n\n\n\n<p>\u00abSi ten\u00edamos planes para un a\u00f1o, dos a\u00f1os de recuperar capacidad de refinaci\u00f3n, vamos a acelerar con las inversiones que estamos consiguiendo y yo les pido a ustedes se\u00f1ores empresarios, no les gustar\u00eda ser socios en la refinaci\u00f3n, porque todos esos productos van a ir a la exportaci\u00f3n. Abramos las compuertas para el capital nacional\u00bb, expres\u00f3 el jefe de Estado.<\/p>\n\n\n\n<p>Asegur\u00f3 que el capital internacional quiere entrar y ampliar su participaci\u00f3n. \u00abEstamos apenas al 25-30% de la capacidad de refinaci\u00f3n de Venezuela, subiendo al 60% es un ingreso favorable para el pa\u00eds\u00bb, indic\u00f3.<\/p>\n\n\n\n<p>De igual manera, anunci\u00f3 medidas para enfrentar lo que calific\u00f3 de guerra econ\u00f3mica por parte de EEUU hacia Venezuela con el anuncio de sanciones al pa\u00eds.<\/p>\n\n\n\n<p>En este sentido se refiri\u00f3 a una pol\u00edtica de restricci\u00f3n arancelaria dura al consumo suntuario, as\u00ed como una pol\u00edtica de unificaci\u00f3n impositiva para suspender impuestos a nivel municipal.<\/p>\n\n\n\n<p>\u00abLe he dado instrucciones a la rectora de Econom\u00eda para que saque un decreto y suspenda los impuestos afectan la actividad productiva primaria a nivel de los municipios desde el unes a las 7am\u00bb,detall\u00f3.<br><strong><em>ET \/ Agencias<\/em><\/strong><\/p>\n\n\n\n<p><\/p>\n","protected":false},"excerpt":{"rendered":"<p>ENTRE TORMENTAS. El presidente de la Rep\u00fablica, Nicol\u00e1s Maduro, plante\u00f3 a los empresarios del pa\u00eds&#8230;<\/p>\n","protected":false},"author":2,"featured_media":14837,"comment_status":"closed","ping_status":"open","sticky":false,"template":"","format":"standard","meta":{"footnotes":""},"categories":[56,49],"tags":[],"class_list":["post-14836","post","type-post","status-publish","format-standard","has-post-thumbnail","hentry","category-destacadas","category-nacionales"],"_links":{"self":[{"href":"https:\/\/entretormentas.com\/index.php?rest_route=\/wp\/v2\/posts\/14836","targetHints":{"allow":["GET"]}}],"collection":[{"href":"https:\/\/entretormentas.com\/index.php?rest_route=\/wp\/v2\/posts"}],"about":[{"href":"https:\/\/entretormentas.com\/index.php?rest_route=\/wp\/v2\/types\/post"}],"author":[{"embeddable":true,"href":"https:\/\/entretormentas.com\/index.php?rest_route=\/wp\/v2\/users\/2"}],"replies":[{"embeddable":true,"href":"https:\/\/entretormentas.com\/index.php?rest_route=%2Fwp%2Fv2%2Fcomments&post=14836"}],"version-history":[{"count":1,"href":"https:\/\/entretormentas.com\/index.php?rest_route=\/wp\/v2\/posts\/14836\/revisions"}],"predecessor-version":[{"id":14838,"href":"https:\/\/entretormentas.com\/index.php?rest_route=\/wp\/v2\/posts\/14836\/revisions\/14838"}],"wp:featuredmedia":[{"embeddable":true,"href":"https:\/\/entretormentas.com\/index.php?rest_route=\/wp\/v2\/media\/14837"}],"wp:attachment":[{"href":"https:\/\/entretormentas.com\/index.php?rest_route=%2Fwp%2Fv2%2Fmedia&parent=14836"}],"wp:term":[{"taxonomy":"category","embeddable":true,"href":"https:\/\/entretormentas.com\/index.php?rest_route=%2Fwp%2Fv2%2Fcategories&post=14836"},{"taxonomy":"post_tag","embeddable":true,"href":"https:\/\/entretormentas.com\/index.php?rest_route=%2Fwp%2Fv2%2Ftags&post=14836"}],"curies":[{"name":"wp","href":"https:\/\/api.w.org\/{rel}","templated":true}]}}