{"id":14859,"date":"2025-03-31T09:51:52","date_gmt":"2025-03-31T07:51:52","guid":{"rendered":"https:\/\/entretormentas.com\/?p=14859"},"modified":"2025-03-31T09:51:52","modified_gmt":"2025-03-31T07:51:52","slug":"trabajando-alcaldia-realiza-operativo-especial-de-limpieza-en-tres-puntos-criticos-de-san-francisco","status":"publish","type":"post","link":"https:\/\/entretormentas.com\/trabajando-alcaldia-realiza-operativo-especial-de-limpieza-en-tres-puntos-criticos-de-san-francisco\/","title":{"rendered":"\u00a1TRABAJANDO! Alcald\u00eda realiza operativo especial de limpieza en tres puntos cr\u00edticos de San Francisco"},"content":{"rendered":"\n<p><strong>ENTRE TORMENTAS.<\/strong> Dando continuidad al programa San Francisco Limpio, el alcalde Gustavo Fern\u00e1ndez, a trav\u00e9s del Instituto P\u00fablico Municipal de Ambiente y Aseo Urbano, avanza con paso firme, atendiendo los puntos cr\u00edticos de desechos s\u00f3lidos en la entidad sure\u00f1a, recuperando espacios, para su posterior saneamiento y humanizaci\u00f3n.<\/p>\n\n\n\n<p>Los equipos t\u00e9cnicos y operativos de imasur, utilizando maquinaria pesada (retroexcavadora) y camiones volqueta se desplegaron este viernes a la recolecci\u00f3n de aproximadamente 72 toneladas de basura en tres puntos de la ciudad; Sectores Villa Para\u00edso, en la parroquia El Bajo, Lago Medio y un terreno ubicado detr\u00e1s de Alkosto, en la urbanizaci\u00f3n La Coromoto, de la parroquia San Francisco.<\/p>\n\n\n\n<figure class=\"wp-block-image size-large\"><img fetchpriority=\"high\" decoding=\"async\" width=\"1024\" height=\"680\" src=\"https:\/\/entretormentas.com\/wp-content\/uploads\/2025\/03\/image-578-1024x680.png\" alt=\"\" class=\"wp-image-14862\" srcset=\"https:\/\/entretormentas.com\/wp-content\/uploads\/2025\/03\/image-578-1024x680.png 1024w, https:\/\/entretormentas.com\/wp-content\/uploads\/2025\/03\/image-578-300x199.png 300w, https:\/\/entretormentas.com\/wp-content\/uploads\/2025\/03\/image-578-768x510.png 768w, https:\/\/entretormentas.com\/wp-content\/uploads\/2025\/03\/image-578.png 1072w\" sizes=\"(max-width: 1024px) 100vw, 1024px\" \/><\/figure>\n\n\n\n<p>Javier Solano, director de Aseo Urbano y Domiciliario destac\u00f3 \u00abseguimos trabajando sin descanso, empe\u00f1ados en mantener como una prioridad para este 2025 un San Francisco limpio, atacando de manera r\u00e1pida y efectiva estas zonas que no s\u00f3lo afectan el entorno, sino que tambi\u00e9n se convierten en un foco de contaminaci\u00f3n ambiental\u00bb.<\/p>\n\n\n\n<p>El llamado reiterado a los usuarios es a no seguir arrojando basura en lugares no permitidos \u00abexiste un servicio de recolecci\u00f3n casa por casa que una vez por semana y en algunos casos puntuales hasta dos veces pasa por su comunidad y recoge la basura. Su colaboraci\u00f3n es muy importante para nosotros, hagamos que nuestro municipio sea ejemplo de pulcritud, conciencia ciudadana y orden\u00bb, resalt\u00f3 Solano.<\/p>\n\n\n\n<figure class=\"wp-block-image size-large\"><img decoding=\"async\" width=\"1024\" height=\"576\" src=\"https:\/\/entretormentas.com\/wp-content\/uploads\/2025\/03\/image-576-1024x576.png\" alt=\"\" class=\"wp-image-14860\" srcset=\"https:\/\/entretormentas.com\/wp-content\/uploads\/2025\/03\/image-576-1024x576.png 1024w, https:\/\/entretormentas.com\/wp-content\/uploads\/2025\/03\/image-576-300x169.png 300w, https:\/\/entretormentas.com\/wp-content\/uploads\/2025\/03\/image-576-768x432.png 768w, https:\/\/entretormentas.com\/wp-content\/uploads\/2025\/03\/image-576.png 1280w\" sizes=\"(max-width: 1024px) 100vw, 1024px\" \/><\/figure>\n\n\n\n<p>El titular municipal afirm\u00f3 que \u00abcon la uni\u00f3n y voluntad de todos lograremos convertir a San Francisco, en el municipio m\u00e1s limpio del occidente del pa\u00eds, garantizando un ambiente m\u00e1s armonioso y saludable, que redunde en beneficio del colectivo sanfranciscano\u00bb.<br><strong><em>ET \/ Alcald\u00eda de San Francisco<\/em><\/strong><\/p>\n","protected":false},"excerpt":{"rendered":"<p>ENTRE TORMENTAS. Dando continuidad al programa San Francisco Limpio, el alcalde Gustavo Fern\u00e1ndez, a trav\u00e9s&#8230;<\/p>\n","protected":false},"author":2,"featured_media":14861,"comment_status":"closed","ping_status":"open","sticky":false,"template":"","format":"standard","meta":{"footnotes":""},"categories":[57,1],"tags":[],"class_list":["post-14859","post","type-post","status-publish","format-standard","has-post-thumbnail","hentry","category-actualidad","category-regionales"],"_links":{"self":[{"href":"https:\/\/entretormentas.com\/index.php?rest_route=\/wp\/v2\/posts\/14859","targetHints":{"allow":["GET"]}}],"collection":[{"href":"https:\/\/entretormentas.com\/index.php?rest_route=\/wp\/v2\/posts"}],"about":[{"href":"https:\/\/entretormentas.com\/index.php?rest_route=\/wp\/v2\/types\/post"}],"author":[{"embeddable":true,"href":"https:\/\/entretormentas.com\/index.php?rest_route=\/wp\/v2\/users\/2"}],"replies":[{"embeddable":true,"href":"https:\/\/entretormentas.com\/index.php?rest_route=%2Fwp%2Fv2%2Fcomments&post=14859"}],"version-history":[{"count":1,"href":"https:\/\/entretormentas.com\/index.php?rest_route=\/wp\/v2\/posts\/14859\/revisions"}],"predecessor-version":[{"id":14863,"href":"https:\/\/entretormentas.com\/index.php?rest_route=\/wp\/v2\/posts\/14859\/revisions\/14863"}],"wp:featuredmedia":[{"embeddable":true,"href":"https:\/\/entretormentas.com\/index.php?rest_route=\/wp\/v2\/media\/14861"}],"wp:attachment":[{"href":"https:\/\/entretormentas.com\/index.php?rest_route=%2Fwp%2Fv2%2Fmedia&parent=14859"}],"wp:term":[{"taxonomy":"category","embeddable":true,"href":"https:\/\/entretormentas.com\/index.php?rest_route=%2Fwp%2Fv2%2Fcategories&post=14859"},{"taxonomy":"post_tag","embeddable":true,"href":"https:\/\/entretormentas.com\/index.php?rest_route=%2Fwp%2Fv2%2Ftags&post=14859"}],"curies":[{"name":"wp","href":"https:\/\/api.w.org\/{rel}","templated":true}]}}