{"id":14870,"date":"2025-03-31T09:59:33","date_gmt":"2025-03-31T07:59:33","guid":{"rendered":"https:\/\/entretormentas.com\/?p=14870"},"modified":"2025-03-31T09:59:34","modified_gmt":"2025-03-31T07:59:34","slug":"se-acabo-la-espera-roja-psuv-anuncia-hoy-lunes-la-lista-de-candidatos-para-el-25-m","status":"publish","type":"post","link":"https:\/\/entretormentas.com\/se-acabo-la-espera-roja-psuv-anuncia-hoy-lunes-la-lista-de-candidatos-para-el-25-m\/","title":{"rendered":"\u00a1SE ACAB\u00d3 LA ESPERA ROJA! Psuv anuncia hoy lunes la lista de candidatos para el 25-M"},"content":{"rendered":"\n<p><strong>ENTRE TORMENTAS.<\/strong> El presidente Nicol\u00e1s Maduro, confirm\u00f3 que el Gran Polo Patri\u00f3tico (GPP) revelar\u00e1 sus candidatos a gobernadores, diputados y legisladores este lunes 31 de marzo, de cara a las elecciones del 25 de mayo.<\/p>\n\n\n\n<p>Durante una reuni\u00f3n del Consejo Nacional de Econom\u00eda Productiva, el mandatario se\u00f1al\u00f3 que las candidaturas est\u00e1n \u00ablistas\u00bb, y ser\u00e1n anunciadas en la tradicional rueda de prensa del Partido Socialista Unido de Venezuela (Psuv), encabezada por el secretario general del partido, Diosdado Cabello.<\/p>\n\n\n\n<p>El lunes pasado, Cabello record\u00f3 que la elecci\u00f3n de los candidatos se realiz\u00f3 bajo una \u00abf\u00f3rmula unitaria\u00bb, la cual considera una \u00abfortaleza\u00bb de la Revoluci\u00f3n Bolivariana.<\/p>\n\n\n\n<p>El 15 de marzo, el Psuv realiz\u00f3 asambleas en las 47 mil 263 comunidades de todo el pa\u00eds, donde surgieron 163 mil 15 postulaciones, con m\u00e1s de 131 mil 102 liderazgos postulados.<\/p>\n\n\n\n<p>La rectora principal del CNE y presidenta de la Comisi\u00f3n de Participaci\u00f3n Pol\u00edtica y Financiamiento, Acme Nogal M\u00e9ndez, inform\u00f3 que el nuevo per\u00edodo de postulaciones se realizar\u00e1 entre el 7 y el 11 de abril a trav\u00e9s del Sistema Automatizado de Postulaciones (SAP).<\/p>\n\n\n\n<p>En estos comicios se elegir\u00e1n por primera vez cargos para el estado Guayana Esequiba, una decisi\u00f3n rechazada por el gobierno de Guyana, quien a\u00fan reclama el territorio como propio.<br><strong><em>ET \/ Agencias<\/em><\/strong><\/p>\n","protected":false},"excerpt":{"rendered":"<p>ENTRE TORMENTAS. El presidente Nicol\u00e1s Maduro, confirm\u00f3 que el Gran Polo Patri\u00f3tico (GPP) revelar\u00e1 sus&#8230;<\/p>\n","protected":false},"author":2,"featured_media":14871,"comment_status":"closed","ping_status":"open","sticky":false,"template":"","format":"standard","meta":{"footnotes":""},"categories":[56,49],"tags":[],"class_list":["post-14870","post","type-post","status-publish","format-standard","has-post-thumbnail","hentry","category-destacadas","category-nacionales"],"_links":{"self":[{"href":"https:\/\/entretormentas.com\/index.php?rest_route=\/wp\/v2\/posts\/14870","targetHints":{"allow":["GET"]}}],"collection":[{"href":"https:\/\/entretormentas.com\/index.php?rest_route=\/wp\/v2\/posts"}],"about":[{"href":"https:\/\/entretormentas.com\/index.php?rest_route=\/wp\/v2\/types\/post"}],"author":[{"embeddable":true,"href":"https:\/\/entretormentas.com\/index.php?rest_route=\/wp\/v2\/users\/2"}],"replies":[{"embeddable":true,"href":"https:\/\/entretormentas.com\/index.php?rest_route=%2Fwp%2Fv2%2Fcomments&post=14870"}],"version-history":[{"count":1,"href":"https:\/\/entretormentas.com\/index.php?rest_route=\/wp\/v2\/posts\/14870\/revisions"}],"predecessor-version":[{"id":14872,"href":"https:\/\/entretormentas.com\/index.php?rest_route=\/wp\/v2\/posts\/14870\/revisions\/14872"}],"wp:featuredmedia":[{"embeddable":true,"href":"https:\/\/entretormentas.com\/index.php?rest_route=\/wp\/v2\/media\/14871"}],"wp:attachment":[{"href":"https:\/\/entretormentas.com\/index.php?rest_route=%2Fwp%2Fv2%2Fmedia&parent=14870"}],"wp:term":[{"taxonomy":"category","embeddable":true,"href":"https:\/\/entretormentas.com\/index.php?rest_route=%2Fwp%2Fv2%2Fcategories&post=14870"},{"taxonomy":"post_tag","embeddable":true,"href":"https:\/\/entretormentas.com\/index.php?rest_route=%2Fwp%2Fv2%2Ftags&post=14870"}],"curies":[{"name":"wp","href":"https:\/\/api.w.org\/{rel}","templated":true}]}}