{"id":14892,"date":"2025-04-01T10:09:39","date_gmt":"2025-04-01T08:09:39","guid":{"rendered":"https:\/\/entretormentas.com\/?p=14892"},"modified":"2025-04-01T10:09:39","modified_gmt":"2025-04-01T08:09:39","slug":"san-francisco-cultural-el-instituto-municipal-impulsa-las-artes-en-las-comunidades","status":"publish","type":"post","link":"https:\/\/entretormentas.com\/san-francisco-cultural-el-instituto-municipal-impulsa-las-artes-en-las-comunidades\/","title":{"rendered":"\u00a1SAN FRANCISCO CULTURAL! El Instituto Municipal impulsa las artes en las comunidades"},"content":{"rendered":"\n<p><strong>ENTRE TORMENTAS.<\/strong> Durante el a\u00f1o 2025, el Instituto Municipal de Cultura San Francisco ha llevado a cabo diversas actividades en las parroquias del municipio con el firme prop\u00f3sito de acercar las artes danc\u00edsticas y musicales a todos los habitantes, especialmente aquellos que no han tenido acceso a estas expresiones culturales, como parte del plan de gesti\u00f3n que desarrolla el gobierno del alcalde Gustavo Fern\u00e1ndez, cumpliendo con el compromiso de extender a cada rinc\u00f3n de San Francisco la oportunidad de disfrutar y aprender las tradiciones culturales.<\/p>\n\n\n\n<p>Con una matr\u00edcula que alcanza los 900 inscritos, el Instituto de la Cultura de San Francisco, que preside Ra\u00fal Fern\u00e1ndez, mantiene en funcionamiento seis casas culturales ubicadas en diferentes parroquias: entre ellas la que funciona en el Ateneo Juan de Dios Mart\u00ednez y Altagracia V\u00edlchez ambas en la parroquia San Francisco; Lula L\u00f3pez en la parroquia Francisco Ochoa; Luisa Higuera en la parroquia Los Cortijos; \u00c1ngel \u201cPancho\u201d Fuenmayor y Luis Castillo en la parroquia Jos\u00e9 Domingo Rus. En estas casas, se imparten clases de instrumentos como el cuatro, guitarra, teclado, bajo y viol\u00edn, as\u00ed como de ballet, danza en todas sus modalidades, teatro infantil y juvenil, artes pl\u00e1sticas y lenguaje de se\u00f1as.<\/p>\n\n\n\n<figure class=\"wp-block-image size-large\"><img fetchpriority=\"high\" decoding=\"async\" width=\"1024\" height=\"768\" src=\"https:\/\/entretormentas.com\/wp-content\/uploads\/2025\/04\/image-3-1024x768.png\" alt=\"\" class=\"wp-image-14894\" srcset=\"https:\/\/entretormentas.com\/wp-content\/uploads\/2025\/04\/image-3-1024x768.png 1024w, https:\/\/entretormentas.com\/wp-content\/uploads\/2025\/04\/image-3-300x225.png 300w, https:\/\/entretormentas.com\/wp-content\/uploads\/2025\/04\/image-3-768x576.png 768w, https:\/\/entretormentas.com\/wp-content\/uploads\/2025\/04\/image-3.png 1280w\" sizes=\"(max-width: 1024px) 100vw, 1024px\" \/><\/figure>\n\n\n\n<p>Durante los primeros meses del a\u00f1o, se han realizado talleres de teatro, percusi\u00f3n, voces, ballet, cuatro y guitarra, joropo, vals zuliano y artes pl\u00e1sticas. Adem\u00e1s, el grupo de Danzas Juan de Dios Mart\u00ednez ha tenido una destacada participaci\u00f3n en actividades conjuntas con la Secretar\u00eda de Cultura del estado Zulia, llevando el talento local a la capital zuliana.<\/p>\n\n\n\n<p>Actualmente, el Instituto cuenta con varios ensambles, incluyendo el Gaitero Infantil Juan de Dios Mart\u00ednez, el Ensamble de Guaracha Willy Quintero, el Ensamble Criollo Sim\u00f3n D\u00edaz y la Big Band San Francisco, as\u00ed como la Banda T\u00edpica Municipal. Todos ellos est\u00e1n conformados por m\u00fasicos, formadores y estudiantes del Instituto, reflejando el compromiso de la instituci\u00f3n con la formaci\u00f3n y la difusi\u00f3n de la cultura.<\/p>\n\n\n\n<figure class=\"wp-block-image size-large\"><img decoding=\"async\" width=\"1024\" height=\"768\" src=\"https:\/\/entretormentas.com\/wp-content\/uploads\/2025\/04\/image-2-1024x768.png\" alt=\"\" class=\"wp-image-14893\" srcset=\"https:\/\/entretormentas.com\/wp-content\/uploads\/2025\/04\/image-2-1024x768.png 1024w, https:\/\/entretormentas.com\/wp-content\/uploads\/2025\/04\/image-2-300x225.png 300w, https:\/\/entretormentas.com\/wp-content\/uploads\/2025\/04\/image-2-768x576.png 768w, https:\/\/entretormentas.com\/wp-content\/uploads\/2025\/04\/image-2.png 1280w\" sizes=\"(max-width: 1024px) 100vw, 1024px\" \/><\/figure>\n\n\n\n<p>El Instituto P\u00fablico Municipal de Cultura, bajo la direcci\u00f3n de Ra\u00fal Fern\u00e1ndez, contin\u00faa apostando por la expansi\u00f3n de las expresiones culturales en San Francisco, brindando a ni\u00f1os, j\u00f3venes y adultos la oportunidad de aprender y apreciar los valores culturales del Zulia y del municipio.<br><strong><em>ET \/ Alcald\u00eda de San Francisco<\/em><\/strong><\/p>\n\n\n\n<p><\/p>\n","protected":false},"excerpt":{"rendered":"<p>ENTRE TORMENTAS. Durante el a\u00f1o 2025, el Instituto Municipal de Cultura San Francisco ha llevado&#8230;<\/p>\n","protected":false},"author":2,"featured_media":14895,"comment_status":"closed","ping_status":"open","sticky":false,"template":"","format":"standard","meta":{"footnotes":""},"categories":[57,1],"tags":[],"class_list":["post-14892","post","type-post","status-publish","format-standard","has-post-thumbnail","hentry","category-actualidad","category-regionales"],"_links":{"self":[{"href":"https:\/\/entretormentas.com\/index.php?rest_route=\/wp\/v2\/posts\/14892","targetHints":{"allow":["GET"]}}],"collection":[{"href":"https:\/\/entretormentas.com\/index.php?rest_route=\/wp\/v2\/posts"}],"about":[{"href":"https:\/\/entretormentas.com\/index.php?rest_route=\/wp\/v2\/types\/post"}],"author":[{"embeddable":true,"href":"https:\/\/entretormentas.com\/index.php?rest_route=\/wp\/v2\/users\/2"}],"replies":[{"embeddable":true,"href":"https:\/\/entretormentas.com\/index.php?rest_route=%2Fwp%2Fv2%2Fcomments&post=14892"}],"version-history":[{"count":1,"href":"https:\/\/entretormentas.com\/index.php?rest_route=\/wp\/v2\/posts\/14892\/revisions"}],"predecessor-version":[{"id":14896,"href":"https:\/\/entretormentas.com\/index.php?rest_route=\/wp\/v2\/posts\/14892\/revisions\/14896"}],"wp:featuredmedia":[{"embeddable":true,"href":"https:\/\/entretormentas.com\/index.php?rest_route=\/wp\/v2\/media\/14895"}],"wp:attachment":[{"href":"https:\/\/entretormentas.com\/index.php?rest_route=%2Fwp%2Fv2%2Fmedia&parent=14892"}],"wp:term":[{"taxonomy":"category","embeddable":true,"href":"https:\/\/entretormentas.com\/index.php?rest_route=%2Fwp%2Fv2%2Fcategories&post=14892"},{"taxonomy":"post_tag","embeddable":true,"href":"https:\/\/entretormentas.com\/index.php?rest_route=%2Fwp%2Fv2%2Ftags&post=14892"}],"curies":[{"name":"wp","href":"https:\/\/api.w.org\/{rel}","templated":true}]}}