{"id":14901,"date":"2025-04-01T10:16:49","date_gmt":"2025-04-01T08:16:49","guid":{"rendered":"https:\/\/entretormentas.com\/?p=14901"},"modified":"2025-04-01T10:16:50","modified_gmt":"2025-04-01T08:16:50","slug":"palabra-empenada-adrian-romero-ofrece-memoria-y-cuenta-de-la-gestion-municipal-de-2024","status":"publish","type":"post","link":"https:\/\/entretormentas.com\/palabra-empenada-adrian-romero-ofrece-memoria-y-cuenta-de-la-gestion-municipal-de-2024\/","title":{"rendered":"\u00a1PALABRA EMPE\u00d1ADA! Adri\u00e1n Romero ofrece memoria y cuenta de la gesti\u00f3n municipal de 2024"},"content":{"rendered":"\n<p><strong>ENTRE TORMENTAS.<\/strong> Con un discurso que repas\u00f3 las obras realizadas y soluciones entregadas durante 2024, el alcalde encargado, Adri\u00e1n Romero Mart\u00ednez, ofreci\u00f3, este 31 de marzo de 2025 en el Teatro Baralt, la memoria y cuenta del tercer a\u00f1o de gesti\u00f3n municipal del periodo 2021-2025.<\/p>\n\n\n\n<p>\u201cTengo el honor y la responsabilidad de representar hoy a Rafael Ram\u00edrez Colina. Debo mostrar los resultados de un a\u00f1o de soluciones, en materia de servicios p\u00fablicos, gesti\u00f3n social, econom\u00eda, alimentaci\u00f3n, infraestructura, salud, seguridad, entre otras \u00e1reas. Todas alcanzadas por el gran equipo de hombres y mujeres servidv\u00e7ores p\u00fablicos de la Alcald\u00eda de Maracaibo. Mi compromiso sigue firme: continuar con lo iniciado por Rafael Ram\u00edrez Colina\u201d, se\u00f1al\u00f3 el alcalde encargado.<\/p>\n\n\n\n<p>En 2024, Maracaibo inaugur\u00f3 su Primer Centro de Atenci\u00f3n y Desarrollo para Ni\u00f1os, Ni\u00f1as y Adolescentes con Discapacidad, en el Complejo Patria Joven; el Centro de Atenci\u00f3n Veterinaria de Maracaibo, ubicado en Plaza para Todos y se celebr\u00f3 el primer aniversario del Centro de Diagn\u00f3stico M\u00e9dico de Maracaibo, ubicado en el oeste de la ciudad. Para este \u00faltimo el enfoque es culminar su segunda fase.<\/p>\n\n\n\n<p>\u201cCada uno de estos proyectos, en sus inicios, no representaba m\u00e1s que un sue\u00f1o que muchos cre\u00edan dif\u00edcil de lograr. Pero gracias al trabajo incansable de Rafael Ram\u00edrez Colina y del apoyo de quienes creen en la gesti\u00f3n de la Alcald\u00eda de Maracaibo, hoy podemos decir que es una realidad. Una atenci\u00f3n integral para personas con discapacidad, para aquellas que presentan las patolog\u00edas m\u00e1s recurrentes como las cardiopat\u00edas y para nuestras mascotas que son parte de la familia\u201d.<\/p>\n\n\n\n<figure class=\"wp-block-image size-large\"><img fetchpriority=\"high\" decoding=\"async\" width=\"1024\" height=\"576\" src=\"https:\/\/entretormentas.com\/wp-content\/uploads\/2025\/04\/image-8-1024x576.png\" alt=\"\" class=\"wp-image-14903\" srcset=\"https:\/\/entretormentas.com\/wp-content\/uploads\/2025\/04\/image-8-1024x576.png 1024w, https:\/\/entretormentas.com\/wp-content\/uploads\/2025\/04\/image-8-300x169.png 300w, https:\/\/entretormentas.com\/wp-content\/uploads\/2025\/04\/image-8-768x432.png 768w, https:\/\/entretormentas.com\/wp-content\/uploads\/2025\/04\/image-8.png 1280w\" sizes=\"(max-width: 1024px) 100vw, 1024px\" \/><\/figure>\n\n\n\n<p>En materia de innovaci\u00f3n, en 2024 la Alcald\u00eda de Maracaibo, puso en funcionamiento el Visor Geogr\u00e1fico, una herramienta que permite visualizar las distintas zonificaciones de la ciudad, e identificar \u00e1reas de atenci\u00f3n y posibles emergencias. Esto, junto a la digitalizaci\u00f3n y automatizaci\u00f3n del Centro de Procesamiento Urbano (CPU) permiti\u00f3 monitorear las zonas m\u00e1s vulnerables durante las lluvias a trav\u00e9s del Plan de Alerta Temprana y atender a m\u00e1s de 17 mil habitantes cuyos tr\u00e1mites antes ten\u00edan que hacer de forma presencial.<\/p>\n\n\n\n<p>Por otro lado, en cuanto a alimentaci\u00f3n e impulso econ\u00f3mico, destaca el trabajo del Instituto para la Agricultura Urbana y Periurbana (Ipaupma). Durante el 2024 se logr\u00f3 el octavo saque de man\u00ed al 100% en el oeste, eso como fruto del trabajo arduo, la capacitaci\u00f3n t\u00e9cnica y, herramientas y equipos profesionales para la producci\u00f3n agr\u00edcola impulsados por la Alcald\u00eda de Maracaibo. \u201cEste esfuerzo ha permitido que nuestros productores del oeste puedan llevar la diversidad de productos cosechados en sus tierras a las diferentes Ferias Alimentarias del Sol que se realizan semanalmente en las parroquias de Maracaibo y que atendieron a m\u00e1s de 19 mil personas\u201d.<\/p>\n\n\n\n<p>El alcalde encargado, se\u00f1al\u00f3 que, durante el 2024, se aplic\u00f3 tres mil 813 toneladas de asfalto en diferentes proyectos, destacando especialmente el de la avenida principal de Lago Azul. \u201cLas v\u00edas son importantes para el desarrollo de la ciudad. El transporte p\u00fablico y el servicio del aseo urbano dependen, en gran medida de ello, por eso la necesidad de invertir en su recuperaci\u00f3n\u201d.<\/p>\n\n\n\n<figure class=\"wp-block-image size-large\"><img decoding=\"async\" width=\"1024\" height=\"682\" src=\"https:\/\/entretormentas.com\/wp-content\/uploads\/2025\/04\/image-9-1024x682.png\" alt=\"\" class=\"wp-image-14904\" srcset=\"https:\/\/entretormentas.com\/wp-content\/uploads\/2025\/04\/image-9-1024x682.png 1024w, https:\/\/entretormentas.com\/wp-content\/uploads\/2025\/04\/image-9-300x200.png 300w, https:\/\/entretormentas.com\/wp-content\/uploads\/2025\/04\/image-9-768x512.png 768w, https:\/\/entretormentas.com\/wp-content\/uploads\/2025\/04\/image-9.png 1280w\" sizes=\"(max-width: 1024px) 100vw, 1024px\" \/><\/figure>\n\n\n\n<p><strong>DESARROLLO SOCIAL Y CULTURAL<\/strong><br>Durante el 2024, se entregaron 326 sillas de ruedas a trav\u00e9s del programa Sue\u00f1o sobre Ruedas, que ha beneficiado a 800 personas desde el 2021. Adem\u00e1s, se atendieron 216 mil personas de forma directa a trav\u00e9s de diversos programas y abordajes tanto educativos como culturales, entre ellos las Olimpiadas de Deletreo, el Intercolegial de Danzas y los Domingos Culturales en la Plaza de la Rep\u00fablica.<\/p>\n\n\n\n<p>El Instituto Municipal de la Gaita Ricardo Aguirre (IMGRA), estren\u00f3 su himno Canto ciudadano, una composici\u00f3n in\u00e9dita del poeta diamantino Renato Aguirre Gonz\u00e1lez y protagonizada por las escuelas de gaita, permitiendo as\u00ed rescatar el sentido de identidad y pertenencia en nuestros j\u00f3venes.<\/p>\n\n\n\n<p>\u201cTodo esto no hubiese sido posible sin el arduo trabajo de los servidores p\u00fablicos marabinos. Por ello, desarrollamos grandes avances en sus condiciones laborales internas, como su movilidad y su asistencia m\u00e9dica. En 2024, y despu\u00e9s de seis a\u00f1os de ausencia, logramos la activaci\u00f3n de la p\u00f3liza de HCM para todos nuestros trabajadores activos y jubilados. Y este a\u00f1o logramos adem\u00e1s la incorporaci\u00f3n de un familiar directo. Estas son obras que nos ayudan a construir una ciudad m\u00e1s estable y funcional, con gente de primera, capaz de pensar en los dem\u00e1s y procurar el bienestar colectivo. Junto a ellos seguiremos construyendo soluciones para el futuro de Maracaibo\u201d, concluy\u00f3 el alcalde encargado.<br><strong><em>ET \/ DCI Alcald\u00eda de Maracaibo<\/em><\/strong><\/p>\n\n\n\n<p><\/p>\n","protected":false},"excerpt":{"rendered":"<p>ENTRE TORMENTAS. Con un discurso que repas\u00f3 las obras realizadas y soluciones entregadas durante 2024,&#8230;<\/p>\n","protected":false},"author":2,"featured_media":14902,"comment_status":"closed","ping_status":"open","sticky":false,"template":"","format":"standard","meta":{"footnotes":""},"categories":[57,1],"tags":[],"class_list":["post-14901","post","type-post","status-publish","format-standard","has-post-thumbnail","hentry","category-actualidad","category-regionales"],"_links":{"self":[{"href":"https:\/\/entretormentas.com\/index.php?rest_route=\/wp\/v2\/posts\/14901","targetHints":{"allow":["GET"]}}],"collection":[{"href":"https:\/\/entretormentas.com\/index.php?rest_route=\/wp\/v2\/posts"}],"about":[{"href":"https:\/\/entretormentas.com\/index.php?rest_route=\/wp\/v2\/types\/post"}],"author":[{"embeddable":true,"href":"https:\/\/entretormentas.com\/index.php?rest_route=\/wp\/v2\/users\/2"}],"replies":[{"embeddable":true,"href":"https:\/\/entretormentas.com\/index.php?rest_route=%2Fwp%2Fv2%2Fcomments&post=14901"}],"version-history":[{"count":1,"href":"https:\/\/entretormentas.com\/index.php?rest_route=\/wp\/v2\/posts\/14901\/revisions"}],"predecessor-version":[{"id":14905,"href":"https:\/\/entretormentas.com\/index.php?rest_route=\/wp\/v2\/posts\/14901\/revisions\/14905"}],"wp:featuredmedia":[{"embeddable":true,"href":"https:\/\/entretormentas.com\/index.php?rest_route=\/wp\/v2\/media\/14902"}],"wp:attachment":[{"href":"https:\/\/entretormentas.com\/index.php?rest_route=%2Fwp%2Fv2%2Fmedia&parent=14901"}],"wp:term":[{"taxonomy":"category","embeddable":true,"href":"https:\/\/entretormentas.com\/index.php?rest_route=%2Fwp%2Fv2%2Fcategories&post=14901"},{"taxonomy":"post_tag","embeddable":true,"href":"https:\/\/entretormentas.com\/index.php?rest_route=%2Fwp%2Fv2%2Ftags&post=14901"}],"curies":[{"name":"wp","href":"https:\/\/api.w.org\/{rel}","templated":true}]}}