{"id":14906,"date":"2025-04-01T10:19:27","date_gmt":"2025-04-01T08:19:27","guid":{"rendered":"https:\/\/entretormentas.com\/?p=14906"},"modified":"2025-04-01T10:19:28","modified_gmt":"2025-04-01T08:19:28","slug":"segunda-santa-criolla-el-papa-aprueba-canonizacion-de-la-beata-venezolana-carmen-rendiles","status":"publish","type":"post","link":"https:\/\/entretormentas.com\/segunda-santa-criolla-el-papa-aprueba-canonizacion-de-la-beata-venezolana-carmen-rendiles\/","title":{"rendered":"\u00a1SEGUNDA SANTA CRIOLLA! El Papa aprueba canonizaci\u00f3n de la beata venezolana Carmen Rendiles"},"content":{"rendered":"\n<p><strong>ENTRE TORMENTAS. <\/strong>El Papa Francisco aprob\u00f3 el decreto del milagro por el que se canonizar\u00e1 a la beata Carmen Elena Rendiles Mart\u00ednez, que se convertir\u00e1 en la segunda santa venezolana despu\u00e9s de que hace algunas semanas se anunciara la santidad del m\u00e9dico Jos\u00e9 Gregorio Hern\u00e1ndez, inform\u00f3 este lunes el Vaticano.<\/p>\n\n\n\n<p>Carmen Elena Rendiles Mart\u00ednez, que naci\u00f3 en Caracas el 11 de agosto de 1903 y muri\u00f3 el 9 de mayo de 1977, fue la fundadora de la Congregaci\u00f3n de las Siervas de Jes\u00fas y su beatificaci\u00f3n se produjo el 16 de junio de 2018, despu\u00e9s de que se aprobara un milagro que consisti\u00f3 en la curaci\u00f3n de una m\u00e9dica venezolana en julio de 2003.<\/p>\n\n\n\n<p>El segundo milagro aprobado para ser declarada santa fue una \u00abcuraci\u00f3n milagrosa, atribuida a su intercesi\u00f3n, de una mujer a la que en 2015, le fue diagnosticada hidrocefalia triventricular idiop\u00e1tica\u00bb.<br><strong><em>ET \/ EFE<\/em><\/strong><\/p>\n","protected":false},"excerpt":{"rendered":"<p>ENTRE TORMENTAS. El Papa Francisco aprob\u00f3 el decreto del milagro por el que se canonizar\u00e1&#8230;<\/p>\n","protected":false},"author":2,"featured_media":14907,"comment_status":"closed","ping_status":"open","sticky":false,"template":"","format":"standard","meta":{"footnotes":""},"categories":[56,48],"tags":[],"class_list":["post-14906","post","type-post","status-publish","format-standard","has-post-thumbnail","hentry","category-destacadas","category-internacionales"],"_links":{"self":[{"href":"https:\/\/entretormentas.com\/index.php?rest_route=\/wp\/v2\/posts\/14906","targetHints":{"allow":["GET"]}}],"collection":[{"href":"https:\/\/entretormentas.com\/index.php?rest_route=\/wp\/v2\/posts"}],"about":[{"href":"https:\/\/entretormentas.com\/index.php?rest_route=\/wp\/v2\/types\/post"}],"author":[{"embeddable":true,"href":"https:\/\/entretormentas.com\/index.php?rest_route=\/wp\/v2\/users\/2"}],"replies":[{"embeddable":true,"href":"https:\/\/entretormentas.com\/index.php?rest_route=%2Fwp%2Fv2%2Fcomments&post=14906"}],"version-history":[{"count":1,"href":"https:\/\/entretormentas.com\/index.php?rest_route=\/wp\/v2\/posts\/14906\/revisions"}],"predecessor-version":[{"id":14908,"href":"https:\/\/entretormentas.com\/index.php?rest_route=\/wp\/v2\/posts\/14906\/revisions\/14908"}],"wp:featuredmedia":[{"embeddable":true,"href":"https:\/\/entretormentas.com\/index.php?rest_route=\/wp\/v2\/media\/14907"}],"wp:attachment":[{"href":"https:\/\/entretormentas.com\/index.php?rest_route=%2Fwp%2Fv2%2Fmedia&parent=14906"}],"wp:term":[{"taxonomy":"category","embeddable":true,"href":"https:\/\/entretormentas.com\/index.php?rest_route=%2Fwp%2Fv2%2Fcategories&post=14906"},{"taxonomy":"post_tag","embeddable":true,"href":"https:\/\/entretormentas.com\/index.php?rest_route=%2Fwp%2Fv2%2Ftags&post=14906"}],"curies":[{"name":"wp","href":"https:\/\/api.w.org\/{rel}","templated":true}]}}