{"id":14909,"date":"2025-04-01T10:21:53","date_gmt":"2025-04-01T08:21:53","guid":{"rendered":"https:\/\/entretormentas.com\/?p=14909"},"modified":"2025-04-01T10:21:54","modified_gmt":"2025-04-01T08:21:54","slug":"baltazar-porras-canonizacion-de-carmen-rendiles-es-un-regalo-para-la-iglesia-venezolana","status":"publish","type":"post","link":"https:\/\/entretormentas.com\/baltazar-porras-canonizacion-de-carmen-rendiles-es-un-regalo-para-la-iglesia-venezolana\/","title":{"rendered":"BALTAZAR PORRAS: \u00abCanonizaci\u00f3n de Carmen Rendiles es un regalo para la iglesia venezolana\u00bb"},"content":{"rendered":"\n<p><strong>ENTRE TORMENTAS. <\/strong>El Cardenal Baltazar Porras calific\u00f3, este lunes, como un regalo del papa Francisco para feligres\u00eda venezolana la canonizaci\u00f3n de la madre Carmen Rendiles y espera que esta sirva \u00abpara darnos cuenta de la presencia de la fe y de la santidad que tenemos que cultivarla ahora mucho m\u00e1s\u00bb.<\/p>\n\n\n\n<p>\u00abOtra buena noticia para la iglesia venezolana, se ha anunciado en el Vaticano la canonizaci\u00f3n de la madre Carmen Rendiles. Con esto, tenemos ahora la primera mujer santa caraque\u00f1a venezolana que se une a nuestro santo Jos\u00e9 Gregorio Hern\u00e1ndez. Estamos a la espera de que se fije la fecha de canonizaci\u00f3n, que probablemente sea a finales del verano o comienzo del oto\u00f1o\u00bb, expres\u00f3 a trav\u00e9s de un video difundido por las redes sociales.<\/p>\n\n\n\n<p>Baltazar Porras se\u00f1al\u00f3 que es un reto y un desaf\u00edo para los creyentes para reforzar la fe y esperanza.<\/p>\n\n\n\n<p><strong>J\u00daBILO NACIONAL<\/strong><br>El papa Francisco aprob\u00f3 el decreto del milagro por el que se canonizar\u00e1 a la beata Carmen Elena Rendiles Mart\u00ednez, que se convertir\u00e1 en la segunda santa venezolana despu\u00e9s de que hace algunas semanas se anunciara la santidad del m\u00e9dico Jos\u00e9 Gregorio Hern\u00e1ndez, inform\u00f3 este lunes el Vaticano.<\/p>\n\n\n\n<p>Carmen Elena Rendiles Mart\u00ednez, que naci\u00f3 en Caracas el 11 de agosto de 1903 y muri\u00f3 el 9 de mayo de 1977, fue la fundadora de la Congregaci\u00f3n de las Siervas de Jes\u00fas y su beatificaci\u00f3n se produjo el 16 de junio de 2018, despu\u00e9s de que se aprobara un milagro que consisti\u00f3 en la curaci\u00f3n de una m\u00e9dica venezolana en julio de 2003.<\/p>\n\n\n\n<p>El segundo milagro aprobado para ser declarada santa fue una \u00abcuraci\u00f3n milagrosa, atribuida a su intercesi\u00f3n, de una mujer a la que en 2015 le fue diagnosticada hidrocefalia triventricular idiop\u00e1tica\u00bb.<\/p>\n\n\n\n<p>Esta ser\u00e1 la segunda santa del pa\u00eds, despu\u00e9s de la del beato Jos\u00e9 Gregorio Hern\u00e1ndez, una noticia que fue acogida con gran alegr\u00eda en Venezuela, donde incluso se declarar\u00e1 como D\u00eda de J\u00fabilo Nacional la fecha que se fije para la canonizaci\u00f3n del beato, seg\u00fan la Asamblea Nacional.<br><strong><em>ET \/ Agencias<\/em><\/strong><\/p>\n","protected":false},"excerpt":{"rendered":"<p>ENTRE TORMENTAS. El Cardenal Baltazar Porras calific\u00f3, este lunes, como un regalo del papa Francisco&#8230;<\/p>\n","protected":false},"author":2,"featured_media":14910,"comment_status":"closed","ping_status":"open","sticky":false,"template":"","format":"standard","meta":{"footnotes":""},"categories":[56,49],"tags":[],"class_list":["post-14909","post","type-post","status-publish","format-standard","has-post-thumbnail","hentry","category-destacadas","category-nacionales"],"_links":{"self":[{"href":"https:\/\/entretormentas.com\/index.php?rest_route=\/wp\/v2\/posts\/14909","targetHints":{"allow":["GET"]}}],"collection":[{"href":"https:\/\/entretormentas.com\/index.php?rest_route=\/wp\/v2\/posts"}],"about":[{"href":"https:\/\/entretormentas.com\/index.php?rest_route=\/wp\/v2\/types\/post"}],"author":[{"embeddable":true,"href":"https:\/\/entretormentas.com\/index.php?rest_route=\/wp\/v2\/users\/2"}],"replies":[{"embeddable":true,"href":"https:\/\/entretormentas.com\/index.php?rest_route=%2Fwp%2Fv2%2Fcomments&post=14909"}],"version-history":[{"count":1,"href":"https:\/\/entretormentas.com\/index.php?rest_route=\/wp\/v2\/posts\/14909\/revisions"}],"predecessor-version":[{"id":14911,"href":"https:\/\/entretormentas.com\/index.php?rest_route=\/wp\/v2\/posts\/14909\/revisions\/14911"}],"wp:featuredmedia":[{"embeddable":true,"href":"https:\/\/entretormentas.com\/index.php?rest_route=\/wp\/v2\/media\/14910"}],"wp:attachment":[{"href":"https:\/\/entretormentas.com\/index.php?rest_route=%2Fwp%2Fv2%2Fmedia&parent=14909"}],"wp:term":[{"taxonomy":"category","embeddable":true,"href":"https:\/\/entretormentas.com\/index.php?rest_route=%2Fwp%2Fv2%2Fcategories&post=14909"},{"taxonomy":"post_tag","embeddable":true,"href":"https:\/\/entretormentas.com\/index.php?rest_route=%2Fwp%2Fv2%2Ftags&post=14909"}],"curies":[{"name":"wp","href":"https:\/\/api.w.org\/{rel}","templated":true}]}}