{"id":14915,"date":"2025-04-01T10:25:54","date_gmt":"2025-04-01T08:25:54","guid":{"rendered":"https:\/\/entretormentas.com\/?p=14915"},"modified":"2025-04-01T10:25:54","modified_gmt":"2025-04-01T08:25:54","slug":"anuncian-lista-del-polo-patriotico-luis-caldera-es-el-candidato-del-psuv-a-la-gobernacion-del-zulia","status":"publish","type":"post","link":"https:\/\/entretormentas.com\/anuncian-lista-del-polo-patriotico-luis-caldera-es-el-candidato-del-psuv-a-la-gobernacion-del-zulia\/","title":{"rendered":"\u00a1ANUNCIAN LISTA DEL POLO PATRI\u00d3TICO! Luis Caldera es el candidato del Psuv a la Gobernaci\u00f3n del Zulia"},"content":{"rendered":"\n<p><strong>ENTRE TORMENTAS.<\/strong> El presidente de la Comisi\u00f3n Electoral Especial del Partido Socialista Unido de Venezuela (PSUV), Diosdado Cabello, durante una reuni\u00f3n liderada por el presidente Nicol\u00e1s Maduro con los candidatos del Gran Polo Patri\u00f3tico (GPP) anunci\u00f3 a los postulados para las pr\u00f3ximas elecciones de gobernadores del 25 de mayo.<\/p>\n\n\n\n<p>En ese sentido, indic\u00f3 que por el estado Amazonas fue postulado Miguel Rodr\u00edguez; por Anzo\u00e1tegui, Luis Jos\u00e9 Marcano; por Apure, Wilmer Rodr\u00edguez; por Aragua, Joana S\u00e1nchez; en Barinas, Ad\u00e1n Ch\u00e1vez; por el estado Bol\u00edvar, Julisbeh Garc\u00eda; por Carabobo, Rafael Lacava; por Cojedes, Jon Morenos; en Delta Amacuro, Loa Tamaronis; en Falc\u00f3n, V\u00edctor Clark; ppr Gu\u00e1rico, Donald Donaire; y por La Guaira, Jos\u00e9 Alejandro Ter\u00e1n.<\/p>\n\n\n\n<p>De igual forma, por el estado Lara, Luis Ram\u00f3n Reyes Reyes; por M\u00e9rida, Arnaldo S\u00e1nchez; en Miranda, Elio Serrano; en Monagas, Ernesto Luna; ppr Nueva Esparta, Marisel Vel\u00e1squez; por Portuguesa, Primitivo Cede\u00f1o; por Sucre, Jhoanna Carrillo; en T\u00e1chira, Freddy Bernal; por Trujillo, Gerardo M\u00e1rquez; en Yaracuy, Leonardo Intonci; en Zulia, Luis Caldera; y por la Guayana Esequiba, Neil Villamizar.<br><strong><em>ET \/ Agencias<\/em><\/strong><\/p>\n","protected":false},"excerpt":{"rendered":"<p>ENTRE TORMENTAS. El presidente de la Comisi\u00f3n Electoral Especial del Partido Socialista Unido de Venezuela&#8230;<\/p>\n","protected":false},"author":2,"featured_media":14916,"comment_status":"closed","ping_status":"open","sticky":false,"template":"","format":"standard","meta":{"footnotes":""},"categories":[56,49],"tags":[],"class_list":["post-14915","post","type-post","status-publish","format-standard","has-post-thumbnail","hentry","category-destacadas","category-nacionales"],"_links":{"self":[{"href":"https:\/\/entretormentas.com\/index.php?rest_route=\/wp\/v2\/posts\/14915","targetHints":{"allow":["GET"]}}],"collection":[{"href":"https:\/\/entretormentas.com\/index.php?rest_route=\/wp\/v2\/posts"}],"about":[{"href":"https:\/\/entretormentas.com\/index.php?rest_route=\/wp\/v2\/types\/post"}],"author":[{"embeddable":true,"href":"https:\/\/entretormentas.com\/index.php?rest_route=\/wp\/v2\/users\/2"}],"replies":[{"embeddable":true,"href":"https:\/\/entretormentas.com\/index.php?rest_route=%2Fwp%2Fv2%2Fcomments&post=14915"}],"version-history":[{"count":1,"href":"https:\/\/entretormentas.com\/index.php?rest_route=\/wp\/v2\/posts\/14915\/revisions"}],"predecessor-version":[{"id":14917,"href":"https:\/\/entretormentas.com\/index.php?rest_route=\/wp\/v2\/posts\/14915\/revisions\/14917"}],"wp:featuredmedia":[{"embeddable":true,"href":"https:\/\/entretormentas.com\/index.php?rest_route=\/wp\/v2\/media\/14916"}],"wp:attachment":[{"href":"https:\/\/entretormentas.com\/index.php?rest_route=%2Fwp%2Fv2%2Fmedia&parent=14915"}],"wp:term":[{"taxonomy":"category","embeddable":true,"href":"https:\/\/entretormentas.com\/index.php?rest_route=%2Fwp%2Fv2%2Fcategories&post=14915"},{"taxonomy":"post_tag","embeddable":true,"href":"https:\/\/entretormentas.com\/index.php?rest_route=%2Fwp%2Fv2%2Ftags&post=14915"}],"curies":[{"name":"wp","href":"https:\/\/api.w.org\/{rel}","templated":true}]}}