{"id":14918,"date":"2025-04-01T10:29:02","date_gmt":"2025-04-01T08:29:02","guid":{"rendered":"https:\/\/entretormentas.com\/?p=14918"},"modified":"2025-04-01T10:29:03","modified_gmt":"2025-04-01T08:29:03","slug":"punto-de-honor-presidente-maduro-le-pide-a-luis-caldera-rescatar-el-zulia","status":"publish","type":"post","link":"https:\/\/entretormentas.com\/punto-de-honor-presidente-maduro-le-pide-a-luis-caldera-rescatar-el-zulia\/","title":{"rendered":"\u00a1PUNTO DE HONOR! Presidente Maduro le pide a Luis Caldera rescatar el Zulia"},"content":{"rendered":"\n<p><strong>ENTRE TORMENTAS. <\/strong>El presidente Nicol\u00e1s Maduro manifest\u00f3 este lunes, en el encuentro con los candidatos del Partido Socialista Unido de Venezuela (PSUV) y del Gran Polo Patri\u00f3tico (GPP), que \u00abhay una sola fuerza en los candidatos y candidatas a las gobernaciones del pa\u00eds\u00bb.<\/p>\n\n\n\n<p>Maduro hizo referencia a los diferentes postulados y expres\u00f3 que \u00aben el Zulia est\u00e1 Luis Caldera, quien ha sido reelecto y electo cinco veces all\u00e1 en el municipio Mara\u00bb.<\/p>\n\n\n\n<p>Inst\u00f3 a Caldera a unificar todas las fuerzas en el Zulia, \u00abcon amor todo se puede, abrir las compuertas ir al pueblo. El Zulia ha sufrido mucho en estos cuatro a\u00f1os\u2026 Es una gran labor reconstruir el Zulia, en lo pol\u00edtico, en lo moral, reconstruir la poderosa econom\u00eda zuliana, as\u00ed como el poder popular. Une todas las fuerzas Luis, la patria conf\u00eda para dar el gran paso por el rescate del estado Zulia\u00bb.<\/p>\n\n\n\n<p>El Jefe de Estado resalt\u00f3 que en la entidad zuliana se cometieron errores en algunas alcald\u00edas. \u00abEl enemigo ha tomado al Zulia durante mucho tiempo como epicentro de conspiraciones, de hecho la \u00faltima conspiraci\u00f3n develada por los cuerpos de inteligencia con un trabajo impecable dirigido por Diosdado Cabello, como ministro. Hab\u00eda un plan para llenar de violencia al Zulia, Falc\u00f3n y otros estados, encabezado por Mar\u00eda Corina Machado\u00bb.<\/p>\n\n\n\n<figure class=\"wp-block-image size-large\"><img fetchpriority=\"high\" decoding=\"async\" width=\"1024\" height=\"576\" src=\"https:\/\/entretormentas.com\/wp-content\/uploads\/2025\/04\/image-15-1024x576.png\" alt=\"\" class=\"wp-image-14920\" srcset=\"https:\/\/entretormentas.com\/wp-content\/uploads\/2025\/04\/image-15-1024x576.png 1024w, https:\/\/entretormentas.com\/wp-content\/uploads\/2025\/04\/image-15-300x169.png 300w, https:\/\/entretormentas.com\/wp-content\/uploads\/2025\/04\/image-15-768x432.png 768w, https:\/\/entretormentas.com\/wp-content\/uploads\/2025\/04\/image-15.png 1280w\" sizes=\"(max-width: 1024px) 100vw, 1024px\" \/><\/figure>\n\n\n\n<p><strong>OPERACI\u00d3N REL\u00c1MPAGO DEL CATATUMBO<\/strong><br>Agreg\u00f3 que utilizaban las empresas camaroneras como \u2018respiradero, tapadero y lavadero\u2019 de la plata proveniente del tr\u00e1fico de droga que viene de Colombia. \u00abUna oligarqu\u00eda enquistada en el sector camaronero. Est\u00e1n seis alcaldes presos, tres de la derecha y tres que fueron elegidos en planchas nuestras\u00bb.<\/p>\n\n\n\n<p>As\u00ed mismo, detall\u00f3 que \u00abhemos recuperado 9.3 toneladas de coca\u00edna de alta pureza, hemos capturado sumergibles, submarinos, lanchas pintadas con los s\u00edmbolos de la armada bolivariana. Todo eso lo hemos demostando y se ha limpiado el terreno con la Operaci\u00f3n \u2018Rel\u00e1mpago del Catatumbo'\u00bb.<\/p>\n\n\n\n<p><strong>CONSENSO ABSOLUTO<\/strong><br>El Jefe de Estado indic\u00f3 que los candidatos y candidatas del GPP a las gobernaciones del pa\u00eds \u00abhan sido postulados por consenso absoluto del Gran Polo Patri\u00f3tico y de los Movimientos Sociales\u00bb.<\/p>\n\n\n\n<p>Dijo, adem\u00e1s, que \u00abtienen un compromiso gigante y \u00e9tico de estar al lado del pueblo, construir la fuerza del pueblo y gobernar obedeciendo al pueblo\u00bb.<\/p>\n\n\n\n<p>\u00abTenemos una importante cita el domingo 25 de mayo de 2025, donde el pueblo de Venezuela elegir\u00e1 la Asamblea Nacional del periodo 2026-2031 y, tambi\u00e9n, a los gobernadores o gobernadoras de los 24 estados del pa\u00eds\u00bb, afirm\u00f3 Maduro.<br><strong><em>ET \/ ECU<\/em><\/strong><\/p>\n\n\n\n<p><\/p>\n","protected":false},"excerpt":{"rendered":"<p>ENTRE TORMENTAS. El presidente Nicol\u00e1s Maduro manifest\u00f3 este lunes, en el encuentro con los candidatos&#8230;<\/p>\n","protected":false},"author":2,"featured_media":14919,"comment_status":"closed","ping_status":"open","sticky":false,"template":"","format":"standard","meta":{"footnotes":""},"categories":[56,49],"tags":[],"class_list":["post-14918","post","type-post","status-publish","format-standard","has-post-thumbnail","hentry","category-destacadas","category-nacionales"],"_links":{"self":[{"href":"https:\/\/entretormentas.com\/index.php?rest_route=\/wp\/v2\/posts\/14918","targetHints":{"allow":["GET"]}}],"collection":[{"href":"https:\/\/entretormentas.com\/index.php?rest_route=\/wp\/v2\/posts"}],"about":[{"href":"https:\/\/entretormentas.com\/index.php?rest_route=\/wp\/v2\/types\/post"}],"author":[{"embeddable":true,"href":"https:\/\/entretormentas.com\/index.php?rest_route=\/wp\/v2\/users\/2"}],"replies":[{"embeddable":true,"href":"https:\/\/entretormentas.com\/index.php?rest_route=%2Fwp%2Fv2%2Fcomments&post=14918"}],"version-history":[{"count":1,"href":"https:\/\/entretormentas.com\/index.php?rest_route=\/wp\/v2\/posts\/14918\/revisions"}],"predecessor-version":[{"id":14921,"href":"https:\/\/entretormentas.com\/index.php?rest_route=\/wp\/v2\/posts\/14918\/revisions\/14921"}],"wp:featuredmedia":[{"embeddable":true,"href":"https:\/\/entretormentas.com\/index.php?rest_route=\/wp\/v2\/media\/14919"}],"wp:attachment":[{"href":"https:\/\/entretormentas.com\/index.php?rest_route=%2Fwp%2Fv2%2Fmedia&parent=14918"}],"wp:term":[{"taxonomy":"category","embeddable":true,"href":"https:\/\/entretormentas.com\/index.php?rest_route=%2Fwp%2Fv2%2Fcategories&post=14918"},{"taxonomy":"post_tag","embeddable":true,"href":"https:\/\/entretormentas.com\/index.php?rest_route=%2Fwp%2Fv2%2Ftags&post=14918"}],"curies":[{"name":"wp","href":"https:\/\/api.w.org\/{rel}","templated":true}]}}