{"id":14925,"date":"2025-04-01T17:41:41","date_gmt":"2025-04-01T15:41:41","guid":{"rendered":"https:\/\/entretormentas.com\/?p=14925"},"modified":"2025-04-01T17:41:42","modified_gmt":"2025-04-01T15:41:42","slug":"felipe-mujica-eeuu-no-debe-inmiscuirse-en-conflicto-de-venezuela-y-guyana","status":"publish","type":"post","link":"https:\/\/entretormentas.com\/felipe-mujica-eeuu-no-debe-inmiscuirse-en-conflicto-de-venezuela-y-guyana\/","title":{"rendered":"FELIPE MUJICA: \u00abEEUU no debe inmiscuirse en conflicto de Venezuela y Guyana\u00bb"},"content":{"rendered":"\n<p><strong>ENTRE TORMENTAS.<\/strong> El secretario general nacional del MAS, Felipe Mujica, conden\u00f3 las declaraciones del secretario de Estado de Estados Unidos, Marco Rubio, seg\u00fan las cuales, Venezuela tendr\u00eda entre sus planes atacar a Guyana con quien se disputa el territorio del Esequibo.<\/p>\n\n\n\n<p>Se\u00f1al\u00f3 que EE.UU no tiene nada que buscar en el conflicto que mantienen ambas naciones sobre el tema lim\u00edtrofe porque las diferencias deben resolverse de manera pac\u00edfica, a trav\u00e9s del di\u00e1logo, de acuerdos y sobre todo, sin manipulaciones y amenazas por parte del gobierno de Donald Trump.<\/p>\n\n\n\n<p>\u201cSe trata evidentemente de una provocaci\u00f3n del gobierno estadounidense al inmiscuirse en los conflictos del pa\u00eds. La situaci\u00f3n del Esequibo solo le compete a venezolanos y guyaneses\u00bb.<\/p>\n\n\n\n<p>Sobre la pol\u00edtica migratoria de Estados Unidos, el dirigente pol\u00edtico repudi\u00f3 el trato que le est\u00e1n dando a los venezolanos, al violar sus derechos humanos, someterlos a persecuci\u00f3n y despojarlos de los instrumentos legales que les permiten seguir viviendo en ese pa\u00eds.<\/p>\n\n\n\n<p>\u00abRechazamos las deportaciones continuas de venezolanos hacia el CECOT en El Salvador, una c\u00e1rcel que nada tiene que envidiarle a los campos de concentraci\u00f3n utilizados por los nazis\u00bb.<\/p>\n\n\n\n<p>El secretario del MAS record\u00f3 que un gran n\u00famero de venezolanos tom\u00f3 la decisi\u00f3n de abandonar el pa\u00eds debido a la cr\u00edtica situaci\u00f3n econ\u00f3mica y p\u00e9simas condiciones de vida, producto de medidas equivocadas por parte de quienes han gobernado los \u00faltimos 25 a\u00f1os.<\/p>\n\n\n\n<p>No obstante, Mujica hizo hincapi\u00e9 en que se ha venido agravando la situaci\u00f3n nacional debido a las sanciones econ\u00f3micas de EE.UU en contra el petr\u00f3leo venezolano, trayendo como consecuencia la devaluaci\u00f3n del bol\u00edvar y el aumento del tipo de cambio.<\/p>\n\n\n\n<p>\u00abTodav\u00eda no vemos que el gobierno est\u00e9 tomando decisiones efectivas ante un escenario de tal naturaleza\u00bb.<\/p>\n\n\n\n<p>Indic\u00f3 que lo que parec\u00eda una apertura y recuperaci\u00f3n econ\u00f3mica, gracias a la participaci\u00f3n del sector privado, se ha venido a menos, lo cual se traduce en cierre de establecimientos comerciales o con escasa afluencia de personas.<\/p>\n\n\n\n<p>En relaci\u00f3n con las elecciones del pr\u00f3ximo 25 de mayo, el dirigente de la tolda naranja alert\u00f3 que, faltando una semana para que se inicie el proceso de postulaciones, el CNE no ha informado sobre las organizaciones pol\u00edticas que estar\u00e1n habilitadas para promover candidatos.<\/p>\n\n\n\n<p>Mujica se refiri\u00f3 a la posici\u00f3n asumida por diversos actores pol\u00edticos, quienes han asomado la posibilidad de que el proceso electoral se posponga nuevamente por sus altos niveles de exigencia en organizaci\u00f3n y preparaci\u00f3n.<\/p>\n\n\n\n<p>\u00abEl contexto econ\u00f3mico actual, el conflicto del Esequibo y la situaci\u00f3n de los migrantes venezolanos, pudieran traer como consecuencia el decreto de un Estado de Emergencia y, por consiguiente, la suspensi\u00f3n de las elecciones\u00bb.<\/p>\n\n\n\n<p>Para finalizar, Mujica inform\u00f3 que nuevamente acudieron al CNE para conocer el estatus legal de las tarjetas del MAS, Puente y Uni\u00f3n y Progreso, sin obtenerse respuesta alguna.<br><strong><em>ET \/ Prensa MAS<\/em><\/strong><\/p>\n\n\n\n<p><\/p>\n","protected":false},"excerpt":{"rendered":"<p>ENTRE TORMENTAS. El secretario general nacional del MAS, Felipe Mujica, conden\u00f3 las declaraciones del secretario&#8230;<\/p>\n","protected":false},"author":2,"featured_media":14926,"comment_status":"closed","ping_status":"open","sticky":false,"template":"","format":"standard","meta":{"footnotes":""},"categories":[56,49],"tags":[],"class_list":["post-14925","post","type-post","status-publish","format-standard","has-post-thumbnail","hentry","category-destacadas","category-nacionales"],"_links":{"self":[{"href":"https:\/\/entretormentas.com\/index.php?rest_route=\/wp\/v2\/posts\/14925","targetHints":{"allow":["GET"]}}],"collection":[{"href":"https:\/\/entretormentas.com\/index.php?rest_route=\/wp\/v2\/posts"}],"about":[{"href":"https:\/\/entretormentas.com\/index.php?rest_route=\/wp\/v2\/types\/post"}],"author":[{"embeddable":true,"href":"https:\/\/entretormentas.com\/index.php?rest_route=\/wp\/v2\/users\/2"}],"replies":[{"embeddable":true,"href":"https:\/\/entretormentas.com\/index.php?rest_route=%2Fwp%2Fv2%2Fcomments&post=14925"}],"version-history":[{"count":1,"href":"https:\/\/entretormentas.com\/index.php?rest_route=\/wp\/v2\/posts\/14925\/revisions"}],"predecessor-version":[{"id":14927,"href":"https:\/\/entretormentas.com\/index.php?rest_route=\/wp\/v2\/posts\/14925\/revisions\/14927"}],"wp:featuredmedia":[{"embeddable":true,"href":"https:\/\/entretormentas.com\/index.php?rest_route=\/wp\/v2\/media\/14926"}],"wp:attachment":[{"href":"https:\/\/entretormentas.com\/index.php?rest_route=%2Fwp%2Fv2%2Fmedia&parent=14925"}],"wp:term":[{"taxonomy":"category","embeddable":true,"href":"https:\/\/entretormentas.com\/index.php?rest_route=%2Fwp%2Fv2%2Fcategories&post=14925"},{"taxonomy":"post_tag","embeddable":true,"href":"https:\/\/entretormentas.com\/index.php?rest_route=%2Fwp%2Fv2%2Ftags&post=14925"}],"curies":[{"name":"wp","href":"https:\/\/api.w.org\/{rel}","templated":true}]}}