{"id":14932,"date":"2025-04-02T09:58:28","date_gmt":"2025-04-02T07:58:28","guid":{"rendered":"https:\/\/entretormentas.com\/?p=14932"},"modified":"2025-04-02T09:58:29","modified_gmt":"2025-04-02T07:58:29","slug":"en-el-marco-de-la-semana-mayor-secretaria-de-cultura-presenta-conciertos-de-musica-sacra","status":"publish","type":"post","link":"https:\/\/entretormentas.com\/en-el-marco-de-la-semana-mayor-secretaria-de-cultura-presenta-conciertos-de-musica-sacra\/","title":{"rendered":"\u00a1EN EL MARCO DE LA SEMANA MAYOR! Secretar\u00eda de Cultura presenta conciertos de m\u00fasica sacra"},"content":{"rendered":"\n<p><strong>ENTRE TORMENTAS. <\/strong>Con motivo de la celebraci\u00f3n de la Semana Santa 2025, la Secretar\u00eda de Cultura inici\u00f3 una programaci\u00f3n especial que incluye conciertos sacros, procesiones y viacrucis vivientes, en un esfuerzo cultural que busca destacar la importancia espiritual de esta festividad religiosa.<\/p>\n\n\n\n<p>Las actividades que comenzaron el 22 de marzo y culminar\u00e1n el viernes santo 18 de abril, se llevan a cabo en varios templos de Maracaibo y San Francisco y en otros espacios, con el objetivo de conmemorar la pasi\u00f3n, muerte y resurrecci\u00f3n de Jesucristo, a trav\u00e9s del arte, la representaci\u00f3n teatral, la m\u00fasica, la fotograf\u00eda y la oraci\u00f3n.<\/p>\n\n\n\n<p>Entre ellas se destacan, el ciclo de conciertos sacros a cargo del Grupo L\u00edrico del Zulia que deleitar\u00e1 al p\u00fablico con un repertorio excepcional de m\u00fasica universal en amor a Dios en este tiempo de reflexi\u00f3n y recogimiento espiritual.<\/p>\n\n\n\n<p>La programaci\u00f3n cultural contin\u00faa el mi\u00e9rcoles 2 de abril, con la realizaci\u00f3n de un concierto sacro con el talento del Grupo L\u00edrico del Zulia en la Iglesia de San Benito de Palermo, ubicada en Valle Fr\u00edo de Maracaibo, a las 6:00 p.m. Adem\u00e1s, el jueves 3, se llevar\u00e1 a cabo una procesi\u00f3n en la misma parroquia eclesi\u00e1stica en honor al Santo Negro, que celebra su a\u00f1o jubilar, a las 6:00 p.m.<\/p>\n\n\n\n<p>El s\u00e1bado 5 de abril, las voces angelicales del Grupo L\u00edrico llegar\u00e1n a la Iglesia Nuestra Se\u00f1ora de F\u00e1tima, en el sector 18 de Octubre, para ofrecer un concierto sacro, a las 6:00 p.m.<\/p>\n\n\n\n<p>El martes 8, se rendir\u00e1 una misa en homenaje al Cristo Negro en la Catedral de Maracaibo, a la 5:00 p.m., con la presentaci\u00f3n del Ensamble Coral \u201cSon Amanecer\u201d. Posteriormente, el jueves 10 de abril, se realizar\u00e1 otro recital musical que tendr\u00e1 lugar en la iglesia Sant\u00edsimo Cristo del municipio San Francisco, junto a la Banda T\u00edpica Municipal de esa localidad, a las 6:00 p.m.<\/p>\n\n\n\n<p>El viernes 11, se efectuar\u00e1 un viacrucis en el Palacio de Gobierno, a las 10:00 a.m. El s\u00e1bado 12 de abril, el Grupo L\u00edrico se presentar\u00e1 en la iglesia San Juan Bosco, en la urbanizaci\u00f3n Lago Mar Beach, a las 6:00 p.m. Mientras, el lunes 14, tambi\u00e9n a las 6:00 p.m., la agrupaci\u00f3n musical envolver\u00e1 a los feligreses de la iglesia Nuestra Se\u00f1ora de Guadalupe en San Francisco, con la participaci\u00f3n de la Banda Regina Coeli.<\/p>\n\n\n\n<p>El martes 15, la programaci\u00f3n cultural incluir\u00e1 un viacrucis viviente, que ser\u00e1 presentado por Fundrama en el sector Valle Fr\u00edo, a las 6:00 p.m. Y el mi\u00e9rcoles santo, 16 de abril, se efectuar\u00e1 la tradicional procesi\u00f3n de los 7 pasos, en la Santa Iglesia Catedral de Maracaibo, una manifestaci\u00f3n de la fe arraigada en la cultura del pueblo zuliano.<\/p>\n\n\n\n<p>La programaci\u00f3n culminar\u00e1 el 18 de abril, viernes santo, con un viacrucis viviente, en el sector Los Haticos de la parroquia Cristo de Aranza de Maracaibo, a las 6:00 p.m. Esta \u00faltima actividad simboliza el cierre de un ciclo de reflexiones de la Semana Santa.<\/p>\n\n\n\n<p>La secretaria de Cultura, Viviana M\u00e1rquez, hace un llamamiento al recogimiento en estos d\u00edas especiales e invita a los ciudadanos a disfrutar de esta festividad dedicada a la semana m\u00e1s importante para los cristianos que recuerda los \u00faltimos momentos de Jesucristo en la tierra.<br><strong><em>ET \/ Nota de Prensa<\/em><\/strong><\/p>\n\n\n\n<p><\/p>\n","protected":false},"excerpt":{"rendered":"<p>ENTRE TORMENTAS. Con motivo de la celebraci\u00f3n de la Semana Santa 2025, la Secretar\u00eda de&#8230;<\/p>\n","protected":false},"author":2,"featured_media":14933,"comment_status":"closed","ping_status":"open","sticky":false,"template":"","format":"standard","meta":{"footnotes":""},"categories":[57,1],"tags":[],"class_list":["post-14932","post","type-post","status-publish","format-standard","has-post-thumbnail","hentry","category-actualidad","category-regionales"],"_links":{"self":[{"href":"https:\/\/entretormentas.com\/index.php?rest_route=\/wp\/v2\/posts\/14932","targetHints":{"allow":["GET"]}}],"collection":[{"href":"https:\/\/entretormentas.com\/index.php?rest_route=\/wp\/v2\/posts"}],"about":[{"href":"https:\/\/entretormentas.com\/index.php?rest_route=\/wp\/v2\/types\/post"}],"author":[{"embeddable":true,"href":"https:\/\/entretormentas.com\/index.php?rest_route=\/wp\/v2\/users\/2"}],"replies":[{"embeddable":true,"href":"https:\/\/entretormentas.com\/index.php?rest_route=%2Fwp%2Fv2%2Fcomments&post=14932"}],"version-history":[{"count":1,"href":"https:\/\/entretormentas.com\/index.php?rest_route=\/wp\/v2\/posts\/14932\/revisions"}],"predecessor-version":[{"id":14934,"href":"https:\/\/entretormentas.com\/index.php?rest_route=\/wp\/v2\/posts\/14932\/revisions\/14934"}],"wp:featuredmedia":[{"embeddable":true,"href":"https:\/\/entretormentas.com\/index.php?rest_route=\/wp\/v2\/media\/14933"}],"wp:attachment":[{"href":"https:\/\/entretormentas.com\/index.php?rest_route=%2Fwp%2Fv2%2Fmedia&parent=14932"}],"wp:term":[{"taxonomy":"category","embeddable":true,"href":"https:\/\/entretormentas.com\/index.php?rest_route=%2Fwp%2Fv2%2Fcategories&post=14932"},{"taxonomy":"post_tag","embeddable":true,"href":"https:\/\/entretormentas.com\/index.php?rest_route=%2Fwp%2Fv2%2Ftags&post=14932"}],"curies":[{"name":"wp","href":"https:\/\/api.w.org\/{rel}","templated":true}]}}