{"id":14935,"date":"2025-04-02T10:02:14","date_gmt":"2025-04-02T08:02:14","guid":{"rendered":"https:\/\/entretormentas.com\/?p=14935"},"modified":"2025-04-02T10:02:15","modified_gmt":"2025-04-02T08:02:15","slug":"con-caminata-y-actividades-recreativas-alcaldia-de-maracaibo-conmemora-el-dia-concienciacion-sobre-el-autismo","status":"publish","type":"post","link":"https:\/\/entretormentas.com\/con-caminata-y-actividades-recreativas-alcaldia-de-maracaibo-conmemora-el-dia-concienciacion-sobre-el-autismo\/","title":{"rendered":"\u00a1CON CAMINATA Y ACTIVIDADES RECREATIVAS! Alcald\u00eda de Maracaibo conmemora el D\u00eda Concienciaci\u00f3n sobre el Autismo"},"content":{"rendered":"\n<p><strong>ENTRE TORMENTAS. <\/strong>La Alcald\u00eda de Maracaibo, a trav\u00e9s de la Direcci\u00f3n General de Desarrollo Social, invita a toda la comunidad a participar en la caminata en conmemoraci\u00f3n del D\u00eda de Concienciaci\u00f3n sobre el Autismo, que se realizar\u00e1 este 2 de abril a las 5:00 de la tarde en el parque Vereda del Lago.<\/p>\n\n\n\n<p>La salida ser\u00e1 en la entrada norte del referido parque, espec\u00edficamente en Plaza Italia, y el recorrido culminar\u00e1 en las gradas con actividades recreativas.<\/p>\n\n\n\n<p>Con el lema \u00ab\u00a1Somos infinitos!\u00bb, la municipalidad busca crear conciencia sobre el autismo y promover la inclusi\u00f3n de las personas con esta condici\u00f3n. Sara Fern\u00e1ndez, directora general de Desarrollo Social, pidi\u00f3 a los participantes a llevar carteles que expresen mensajes de apoyo y solidaridad, as\u00ed como a vestirse con colores alusivos al autismo.<\/p>\n\n\n\n<figure class=\"wp-block-image size-large\"><img fetchpriority=\"high\" decoding=\"async\" width=\"576\" height=\"1024\" src=\"https:\/\/entretormentas.com\/wp-content\/uploads\/2025\/04\/image-20-576x1024.png\" alt=\"\" class=\"wp-image-14936\" srcset=\"https:\/\/entretormentas.com\/wp-content\/uploads\/2025\/04\/image-20-576x1024.png 576w, https:\/\/entretormentas.com\/wp-content\/uploads\/2025\/04\/image-20-169x300.png 169w, https:\/\/entretormentas.com\/wp-content\/uploads\/2025\/04\/image-20.png 720w\" sizes=\"(max-width: 576px) 100vw, 576px\" \/><\/figure>\n\n\n\n<p>Adem\u00e1s, anim\u00f3 a los asistentes a llevar una llave en desuso para participar en una actividad sorpresa que se ha preparado.<\/p>\n\n\n\n<p>\u201cLa caminata no solo ser\u00e1 un espacio para concienciar, sino que tambi\u00e9n contar\u00e1 con diversas actividades recreativas dise\u00f1adas para las personas con autismo, asegurando un ambiente inclusivo y divertido para todos., recalc\u00f3 la directora.<\/p>\n\n\n\n<p>Este evento se realiza por cuarta vez consecutiva, reafirmando el compromiso con la sensibilizaci\u00f3n y el apoyo a la comunidad autista.<br><strong><em>ET \/ DCI Alcald\u00eda de Maracaibo<\/em><\/strong><\/p>\n\n\n\n<p><\/p>\n","protected":false},"excerpt":{"rendered":"<p>ENTRE TORMENTAS. La Alcald\u00eda de Maracaibo, a trav\u00e9s de la Direcci\u00f3n General de Desarrollo Social,&#8230;<\/p>\n","protected":false},"author":2,"featured_media":14937,"comment_status":"closed","ping_status":"open","sticky":false,"template":"","format":"standard","meta":{"footnotes":""},"categories":[57,1],"tags":[],"class_list":["post-14935","post","type-post","status-publish","format-standard","has-post-thumbnail","hentry","category-actualidad","category-regionales"],"_links":{"self":[{"href":"https:\/\/entretormentas.com\/index.php?rest_route=\/wp\/v2\/posts\/14935","targetHints":{"allow":["GET"]}}],"collection":[{"href":"https:\/\/entretormentas.com\/index.php?rest_route=\/wp\/v2\/posts"}],"about":[{"href":"https:\/\/entretormentas.com\/index.php?rest_route=\/wp\/v2\/types\/post"}],"author":[{"embeddable":true,"href":"https:\/\/entretormentas.com\/index.php?rest_route=\/wp\/v2\/users\/2"}],"replies":[{"embeddable":true,"href":"https:\/\/entretormentas.com\/index.php?rest_route=%2Fwp%2Fv2%2Fcomments&post=14935"}],"version-history":[{"count":1,"href":"https:\/\/entretormentas.com\/index.php?rest_route=\/wp\/v2\/posts\/14935\/revisions"}],"predecessor-version":[{"id":14938,"href":"https:\/\/entretormentas.com\/index.php?rest_route=\/wp\/v2\/posts\/14935\/revisions\/14938"}],"wp:featuredmedia":[{"embeddable":true,"href":"https:\/\/entretormentas.com\/index.php?rest_route=\/wp\/v2\/media\/14937"}],"wp:attachment":[{"href":"https:\/\/entretormentas.com\/index.php?rest_route=%2Fwp%2Fv2%2Fmedia&parent=14935"}],"wp:term":[{"taxonomy":"category","embeddable":true,"href":"https:\/\/entretormentas.com\/index.php?rest_route=%2Fwp%2Fv2%2Fcategories&post=14935"},{"taxonomy":"post_tag","embeddable":true,"href":"https:\/\/entretormentas.com\/index.php?rest_route=%2Fwp%2Fv2%2Ftags&post=14935"}],"curies":[{"name":"wp","href":"https:\/\/api.w.org\/{rel}","templated":true}]}}