{"id":14944,"date":"2025-04-02T10:13:20","date_gmt":"2025-04-02T08:13:20","guid":{"rendered":"https:\/\/entretormentas.com\/?p=14944"},"modified":"2025-04-02T10:13:22","modified_gmt":"2025-04-02T08:13:22","slug":"cumpliendo-alcalde-gustavo-fernandez-entrega-trabajos-de-reacondicionamiento-vial-en-la-calle-161","status":"publish","type":"post","link":"https:\/\/entretormentas.com\/cumpliendo-alcalde-gustavo-fernandez-entrega-trabajos-de-reacondicionamiento-vial-en-la-calle-161\/","title":{"rendered":"\u00a1CUMPLIENDO! Alcalde Gustavo Fern\u00e1ndez entrega trabajos de reacondicionamiento vial en la calle 161"},"content":{"rendered":"\n<p><strong>ENTRE TORMENTAS.<\/strong> Desde el inicio de su gesti\u00f3n, el alcalde Gustavo Fern\u00e1ndez, ha obtenido importantes logros y avances en diversas \u00e1reas de infraestructura vial, gracias a la implementaci\u00f3n de planes estrat\u00e9gicos y la colaboraci\u00f3n entre instituciones gubernamentales y organizaciones comunitarias.<\/p>\n\n\n\n<p>Este martes la municipalidad hizo entrega de los trabajos de reacondicionamiento vial en la calle 161 con avenida 25 de la urbanizaci\u00f3n San Francisco, con una pavimentaci\u00f3n renovada, cuyos trabajos comprendieron reasfaltado, bacheo, demarcaci\u00f3n de l\u00edneas continuas y discontinuas, instalaci\u00f3n de marcadores reflectivos (ojos de gato) pintura de brocales, pasos peatonales, se\u00f1ales de pare y rehabilitaci\u00f3n de los sem\u00e1foros en la avenida 40 con calle 161 y calle 161 con avenida 5, recuperando m\u00e1s de 2 kil\u00f3metros de v\u00eda.<\/p>\n\n\n\n<figure class=\"wp-block-image size-large\"><img fetchpriority=\"high\" decoding=\"async\" width=\"1024\" height=\"768\" src=\"https:\/\/entretormentas.com\/wp-content\/uploads\/2025\/04\/image-26-1024x768.png\" alt=\"\" class=\"wp-image-14946\" srcset=\"https:\/\/entretormentas.com\/wp-content\/uploads\/2025\/04\/image-26-1024x768.png 1024w, https:\/\/entretormentas.com\/wp-content\/uploads\/2025\/04\/image-26-300x225.png 300w, https:\/\/entretormentas.com\/wp-content\/uploads\/2025\/04\/image-26-768x576.png 768w, https:\/\/entretormentas.com\/wp-content\/uploads\/2025\/04\/image-26-1536x1152.png 1536w, https:\/\/entretormentas.com\/wp-content\/uploads\/2025\/04\/image-26-2048x1536.png 2048w\" sizes=\"(max-width: 1024px) 100vw, 1024px\" \/><\/figure>\n\n\n\n<p>Gracias a la oportuna intervenci\u00f3n del titular municipal, junto a un equipo de profesionales de las gerencias de operaciones e infraestructura, transportistas del sector p\u00fablico, privado, transe\u00fantes y comunidad en general, han podido evidenciar cambios significativos en esta transitada arteria vial, que concentra a establecimientos comerciales, canchas deportivas e instituciones educativas.<\/p>\n\n\n\n<p>El mandatario municipal expres\u00f3 \u00abhace aproximadamente m\u00e1s de un mes inauguramos el corredor vial Don Bosco, en la calle 162. Con el apoyo del gobernador Manuel Rosales fueron intervenidas las avenidas 25, 29 y 39 que conectan con las principales de la urbanizaci\u00f3n San Francisco, la calle 158 que va desde el sem\u00e1foro de la cementera hasta la 40 en la Villa Bolivariana y la 161 que abarca desde el estadio de la peque\u00f1a liga, hasta la avenida 5 en el estacionamiento de la cementera\u00bb.<\/p>\n\n\n\n<figure class=\"wp-block-image size-large\"><img decoding=\"async\" width=\"1024\" height=\"576\" src=\"https:\/\/entretormentas.com\/wp-content\/uploads\/2025\/04\/image-28-1024x576.png\" alt=\"\" class=\"wp-image-14948\" srcset=\"https:\/\/entretormentas.com\/wp-content\/uploads\/2025\/04\/image-28-1024x576.png 1024w, https:\/\/entretormentas.com\/wp-content\/uploads\/2025\/04\/image-28-300x169.png 300w, https:\/\/entretormentas.com\/wp-content\/uploads\/2025\/04\/image-28-768x432.png 768w, https:\/\/entretormentas.com\/wp-content\/uploads\/2025\/04\/image-28.png 1280w\" sizes=\"(max-width: 1024px) 100vw, 1024px\" \/><\/figure>\n\n\n\n<p>Dijo adem\u00e1s que simult\u00e1neamente el ayuntamiento sure\u00f1o, realiza labores de recuperaci\u00f3n de vialidad, en el puente que divide los barrios 24 de julio y 28 de diciembre, en la parroquia Domitila Flores, as\u00ed como la calle 200 de la parroquia Jos\u00e9 Domingo Rus, donde se colocaron alrededor de 18 metros c\u00fabicos de concreto.<\/p>\n\n\n\n<p>Anunci\u00f3 que en los pr\u00f3ximos d\u00edas se estar\u00e1 inaugurando el asfaltado en el sector La Charrasca, entrada a ciudadela Rafael Caldera, mejor conocido como Fundabarrios, en donde habitan m\u00e1s de 3 mil cuatrocientas familias, que supera las 3 mil viviendas.<\/p>\n\n\n\n<figure class=\"wp-block-image size-large\"><img decoding=\"async\" width=\"1024\" height=\"768\" src=\"https:\/\/entretormentas.com\/wp-content\/uploads\/2025\/04\/image-27-1024x768.png\" alt=\"\" class=\"wp-image-14947\" srcset=\"https:\/\/entretormentas.com\/wp-content\/uploads\/2025\/04\/image-27-1024x768.png 1024w, https:\/\/entretormentas.com\/wp-content\/uploads\/2025\/04\/image-27-300x225.png 300w, https:\/\/entretormentas.com\/wp-content\/uploads\/2025\/04\/image-27-768x576.png 768w, https:\/\/entretormentas.com\/wp-content\/uploads\/2025\/04\/image-27-1536x1152.png 1536w, https:\/\/entretormentas.com\/wp-content\/uploads\/2025\/04\/image-27-2048x1536.png 2048w\" sizes=\"(max-width: 1024px) 100vw, 1024px\" \/><\/figure>\n\n\n\n<p>\u00abEn un acto conjunto y de compromiso, entre el gobierno regional y el municipal, se ha rehabilitado la vialidad en los barrios Suram\u00e9rica de la parroquia Marcial Hern\u00e1ndez, Milagro Sur y la Polar, en la parroquia Domitila Flores, contribuyendo con la modernizaci\u00f3n, embellecimiento, planificaci\u00f3n urban\u00edstica y empuje del desarrollo econ\u00f3mico de la ciudad\u00bb inform\u00f3 Fern\u00e1ndez.<\/p>\n\n\n\n<p><strong><em>ET \/ Alcald\u00eda de San Francisco<\/em><\/strong><\/p>\n","protected":false},"excerpt":{"rendered":"<p>ENTRE TORMENTAS. Desde el inicio de su gesti\u00f3n, el alcalde Gustavo Fern\u00e1ndez, ha obtenido importantes&#8230;<\/p>\n","protected":false},"author":2,"featured_media":14945,"comment_status":"closed","ping_status":"open","sticky":false,"template":"","format":"standard","meta":{"footnotes":""},"categories":[57,1],"tags":[],"class_list":["post-14944","post","type-post","status-publish","format-standard","has-post-thumbnail","hentry","category-actualidad","category-regionales"],"_links":{"self":[{"href":"https:\/\/entretormentas.com\/index.php?rest_route=\/wp\/v2\/posts\/14944","targetHints":{"allow":["GET"]}}],"collection":[{"href":"https:\/\/entretormentas.com\/index.php?rest_route=\/wp\/v2\/posts"}],"about":[{"href":"https:\/\/entretormentas.com\/index.php?rest_route=\/wp\/v2\/types\/post"}],"author":[{"embeddable":true,"href":"https:\/\/entretormentas.com\/index.php?rest_route=\/wp\/v2\/users\/2"}],"replies":[{"embeddable":true,"href":"https:\/\/entretormentas.com\/index.php?rest_route=%2Fwp%2Fv2%2Fcomments&post=14944"}],"version-history":[{"count":1,"href":"https:\/\/entretormentas.com\/index.php?rest_route=\/wp\/v2\/posts\/14944\/revisions"}],"predecessor-version":[{"id":14949,"href":"https:\/\/entretormentas.com\/index.php?rest_route=\/wp\/v2\/posts\/14944\/revisions\/14949"}],"wp:featuredmedia":[{"embeddable":true,"href":"https:\/\/entretormentas.com\/index.php?rest_route=\/wp\/v2\/media\/14945"}],"wp:attachment":[{"href":"https:\/\/entretormentas.com\/index.php?rest_route=%2Fwp%2Fv2%2Fmedia&parent=14944"}],"wp:term":[{"taxonomy":"category","embeddable":true,"href":"https:\/\/entretormentas.com\/index.php?rest_route=%2Fwp%2Fv2%2Fcategories&post=14944"},{"taxonomy":"post_tag","embeddable":true,"href":"https:\/\/entretormentas.com\/index.php?rest_route=%2Fwp%2Fv2%2Ftags&post=14944"}],"curies":[{"name":"wp","href":"https:\/\/api.w.org\/{rel}","templated":true}]}}