{"id":14950,"date":"2025-04-02T10:16:07","date_gmt":"2025-04-02T08:16:07","guid":{"rendered":"https:\/\/entretormentas.com\/?p=14950"},"modified":"2025-04-02T10:16:08","modified_gmt":"2025-04-02T08:16:08","slug":"ganan-pase-a-la-2da-fase-la-vinotinto-vence-a-ecuador-y-suma-segunda-victoria-en-el-suramericano-sub-17","status":"publish","type":"post","link":"https:\/\/entretormentas.com\/ganan-pase-a-la-2da-fase-la-vinotinto-vence-a-ecuador-y-suma-segunda-victoria-en-el-suramericano-sub-17\/","title":{"rendered":"\u00a1GANAN PASE A LA 2DA FASE! La Vinotinto vence a Ecuador y suma segunda victoria en el suramericano Sub-17"},"content":{"rendered":"\n<p><strong>ENTRE TORMENTAS. <\/strong>Este martes la selecci\u00f3n venezolana Sub17 derrot\u00f3 a su similar de Ecuador un gol por cero, en lo que fue su segunda presentaci\u00f3n en el Sudamericano de la categor\u00eda, encuentro que se escenific\u00f3 en el Estadio Jaime Mor\u00f3n de Cartagena de Indias.<\/p>\n\n\n\n<p>Luego de un primer tiempo bastante peleado, La Vinotinto pudo sacar los tres puntos gracias a la eficacia frente al arco de Diego Claut, que al minuto 51\u00b4 recibi\u00f3 un pase quir\u00fargico por parte de Williander Mu\u00f1oz, el cual pudo definir de manera magistral frente al guardameta ecuatoriano Miguel Peralta. Segunda anotaci\u00f3n para Claut en el Sudamericano.<\/p>\n\n\n\n<p>Esta fue la segunda victoria en igual n\u00famero de presentaciones para Venezuela en el certamen, y de esta manera obtiene su boleto a la segunda fase del torneo, manteniendo as\u00ed el sue\u00f1o de clasificarse a la Copa Mundial de Qatar 2025.<\/p>\n\n\n\n<p>Cabe destacar que la escuadra venezolana a\u00fan mantiene su arco en cero luego de 180 minutos disputados.<\/p>\n\n\n\n<p>La Vinotinto regresar\u00e1 a la acci\u00f3n el pr\u00f3ximo jueves cuando se enfrente a la selecci\u00f3n de Brasil por la jornada cuatro del campeonato.<\/p>\n\n\n\n<figure class=\"wp-block-image size-full\"><img fetchpriority=\"high\" decoding=\"async\" width=\"920\" height=\"518\" src=\"https:\/\/entretormentas.com\/wp-content\/uploads\/2025\/04\/image-30.png\" alt=\"\" class=\"wp-image-14952\" srcset=\"https:\/\/entretormentas.com\/wp-content\/uploads\/2025\/04\/image-30.png 920w, https:\/\/entretormentas.com\/wp-content\/uploads\/2025\/04\/image-30-300x169.png 300w, https:\/\/entretormentas.com\/wp-content\/uploads\/2025\/04\/image-30-768x432.png 768w\" sizes=\"(max-width: 920px) 100vw, 920px\" \/><\/figure>\n\n\n\n<p><strong>URUGUAY CAE ANTE BOLIVIA<\/strong><br>La Selecci\u00f3n Uruguaya Sub 17 perdi\u00f3 por 1-0 ante Bolivia en el Estadio Jaime Mor\u00f3n de Cartagena, Colombia por la tercera fecha del Grupo B del Sudamericano Juvenil.<\/p>\n\n\n\n<p>El gol que quebr\u00f3 la paridad lleg\u00f3 a los 43&#8242; por intermedio de Jes\u00fas Maraude, qui\u00e9n recibi\u00f3 en el borde del \u00e1rea, enganch\u00f3 y sac\u00f3 un remate bajo y esquinado que se meti\u00f3 contra el palo para poner arriba a La Verde. La Celeste no baj\u00f3 los brazos y luch\u00f3 por alcanzar el empate, que consigui\u00f3 a los 73\u00bb con un cabezazo de Agust\u00edn Dos Santos que el arquero sac\u00f3 de adentro del arco, pero el \u00e1rbittro chileno Wladimir Mu\u00f1oz no detect\u00f3 y la conquista no fue convalidada.<\/p>\n\n\n\n<p>El equipo dirigido por Math\u00edas Alonso se fue con las manos vac\u00edas y sigue sin poder ganar en el torneo continental juvenil que se desarrolla en Colombia.<br><strong><em>ET \/ Agencias<\/em><\/strong><\/p>\n\n\n\n<p><\/p>\n","protected":false},"excerpt":{"rendered":"<p>ENTRE TORMENTAS. Este martes la selecci\u00f3n venezolana Sub17 derrot\u00f3 a su similar de Ecuador un&#8230;<\/p>\n","protected":false},"author":2,"featured_media":14951,"comment_status":"closed","ping_status":"open","sticky":false,"template":"","format":"standard","meta":{"footnotes":""},"categories":[53,56],"tags":[],"class_list":["post-14950","post","type-post","status-publish","format-standard","has-post-thumbnail","hentry","category-deportes","category-destacadas"],"_links":{"self":[{"href":"https:\/\/entretormentas.com\/index.php?rest_route=\/wp\/v2\/posts\/14950","targetHints":{"allow":["GET"]}}],"collection":[{"href":"https:\/\/entretormentas.com\/index.php?rest_route=\/wp\/v2\/posts"}],"about":[{"href":"https:\/\/entretormentas.com\/index.php?rest_route=\/wp\/v2\/types\/post"}],"author":[{"embeddable":true,"href":"https:\/\/entretormentas.com\/index.php?rest_route=\/wp\/v2\/users\/2"}],"replies":[{"embeddable":true,"href":"https:\/\/entretormentas.com\/index.php?rest_route=%2Fwp%2Fv2%2Fcomments&post=14950"}],"version-history":[{"count":1,"href":"https:\/\/entretormentas.com\/index.php?rest_route=\/wp\/v2\/posts\/14950\/revisions"}],"predecessor-version":[{"id":14953,"href":"https:\/\/entretormentas.com\/index.php?rest_route=\/wp\/v2\/posts\/14950\/revisions\/14953"}],"wp:featuredmedia":[{"embeddable":true,"href":"https:\/\/entretormentas.com\/index.php?rest_route=\/wp\/v2\/media\/14951"}],"wp:attachment":[{"href":"https:\/\/entretormentas.com\/index.php?rest_route=%2Fwp%2Fv2%2Fmedia&parent=14950"}],"wp:term":[{"taxonomy":"category","embeddable":true,"href":"https:\/\/entretormentas.com\/index.php?rest_route=%2Fwp%2Fv2%2Fcategories&post=14950"},{"taxonomy":"post_tag","embeddable":true,"href":"https:\/\/entretormentas.com\/index.php?rest_route=%2Fwp%2Fv2%2Ftags&post=14950"}],"curies":[{"name":"wp","href":"https:\/\/api.w.org\/{rel}","templated":true}]}}