{"id":14954,"date":"2025-04-02T10:18:20","date_gmt":"2025-04-02T08:18:20","guid":{"rendered":"https:\/\/entretormentas.com\/?p=14954"},"modified":"2025-04-02T10:18:22","modified_gmt":"2025-04-02T08:18:22","slug":"clamor-laboral-trabajadores-insisten-en-sueldo-minimo-de-al-menos-200","status":"publish","type":"post","link":"https:\/\/entretormentas.com\/clamor-laboral-trabajadores-insisten-en-sueldo-minimo-de-al-menos-200\/","title":{"rendered":"\u00a1CLAMOR LABORAL! Trabajadores insisten en sueldo m\u00ednimo de al menos $200"},"content":{"rendered":"\n<p><strong>ENTRE TORMENTAS. <\/strong>El miembro del Comit\u00e9 Ejecutivo Nacional de la Confederaci\u00f3n General de Trabajadores de Venezuela (CGTV), Alfredo Jos\u00e9 Conde, afirm\u00f3 que el sector mantiene la propuesta de al menos 200 d\u00f3lares de salario m\u00ednimo que logre restituir la estabilidad de los empleados; al igual que sus beneficios.<\/p>\n\n\n\n<p>\u00abSeguimos reuni\u00e9ndonos, porque hay una comisi\u00f3n creada para seguir tratando los grav\u00edsimos inconvenientes que tenemos que cumplir con los convenios internacionales suscritos por Venezuela (\u2026) cada central est\u00e1 proponiendo el monto adecuado, Fec\u00e1maras propone uno, Fedeindustria otro. Las confederaciones tenemos una posici\u00f3n firme y s\u00f3lida alrededor de los 200 d\u00f3lares\u00bb, asever\u00f3.<\/p>\n\n\n\n<p>En entrevista concedida a Vanessa Davies para el programa La Frecuencia de Hoy de Uni\u00f3n Radio, Conde reiter\u00f3 que todos los bienes y servicios \u00abest\u00e1n dolarizados\u00bb, mientras el salario casi ha desaparecido y es en bol\u00edvares \u00abque no compran nada\u00bb.<\/p>\n\n\n\n<p>Asimismo, record\u00f3 que los empleados p\u00fablicos reciben un bono de guerra de 90 d\u00f3lares y un ticket de alimentaci\u00f3n de 40 d\u00f3lares, lo que suma un total de 130 d\u00f3lares.<br><strong><em>ET \/ Agencias<\/em><\/strong><\/p>\n","protected":false},"excerpt":{"rendered":"<p>ENTRE TORMENTAS. El miembro del Comit\u00e9 Ejecutivo Nacional de la Confederaci\u00f3n General de Trabajadores de&#8230;<\/p>\n","protected":false},"author":2,"featured_media":14955,"comment_status":"closed","ping_status":"open","sticky":false,"template":"","format":"standard","meta":{"footnotes":""},"categories":[56,49],"tags":[],"class_list":["post-14954","post","type-post","status-publish","format-standard","has-post-thumbnail","hentry","category-destacadas","category-nacionales"],"_links":{"self":[{"href":"https:\/\/entretormentas.com\/index.php?rest_route=\/wp\/v2\/posts\/14954","targetHints":{"allow":["GET"]}}],"collection":[{"href":"https:\/\/entretormentas.com\/index.php?rest_route=\/wp\/v2\/posts"}],"about":[{"href":"https:\/\/entretormentas.com\/index.php?rest_route=\/wp\/v2\/types\/post"}],"author":[{"embeddable":true,"href":"https:\/\/entretormentas.com\/index.php?rest_route=\/wp\/v2\/users\/2"}],"replies":[{"embeddable":true,"href":"https:\/\/entretormentas.com\/index.php?rest_route=%2Fwp%2Fv2%2Fcomments&post=14954"}],"version-history":[{"count":1,"href":"https:\/\/entretormentas.com\/index.php?rest_route=\/wp\/v2\/posts\/14954\/revisions"}],"predecessor-version":[{"id":14956,"href":"https:\/\/entretormentas.com\/index.php?rest_route=\/wp\/v2\/posts\/14954\/revisions\/14956"}],"wp:featuredmedia":[{"embeddable":true,"href":"https:\/\/entretormentas.com\/index.php?rest_route=\/wp\/v2\/media\/14955"}],"wp:attachment":[{"href":"https:\/\/entretormentas.com\/index.php?rest_route=%2Fwp%2Fv2%2Fmedia&parent=14954"}],"wp:term":[{"taxonomy":"category","embeddable":true,"href":"https:\/\/entretormentas.com\/index.php?rest_route=%2Fwp%2Fv2%2Fcategories&post=14954"},{"taxonomy":"post_tag","embeddable":true,"href":"https:\/\/entretormentas.com\/index.php?rest_route=%2Fwp%2Fv2%2Ftags&post=14954"}],"curies":[{"name":"wp","href":"https:\/\/api.w.org\/{rel}","templated":true}]}}