{"id":1496,"date":"2024-04-21T21:23:56","date_gmt":"2024-04-21T19:23:56","guid":{"rendered":"https:\/\/entretormentas.com\/?p=1496"},"modified":"2024-04-21T21:23:57","modified_gmt":"2024-04-21T19:23:57","slug":"en-alianza-con-el-iusf-imdep-impulsa-creacion-de-diplomado-en-recreacion","status":"publish","type":"post","link":"https:\/\/entretormentas.com\/en-alianza-con-el-iusf-imdep-impulsa-creacion-de-diplomado-en-recreacion\/","title":{"rendered":"\u00a1EN ALIANZA CON EL IUSF! IMDEP impulsa creaci\u00f3n de diplomado en recreaci\u00f3n"},"content":{"rendered":"\n<p><strong>ENTRE TORMENTAS.<\/strong> Con\u00a0el objetivo de profesionalizar el \u00e1rea de recreaci\u00f3n, el Instituto P\u00fablico Municipal de Deporte de San Francisco (IMDEP) a trav\u00e9s de su presidente Gerardo Mu\u00f1oz y el director t\u00e9cnico Juan Rivera sostuvieron una reuni\u00f3n con la directora del Instituto Universitario de San Francisco (IUFS), Ingrid Fuenmayor, para la creaci\u00f3n del diplomado en recreaci\u00f3n y talleres de animaci\u00f3n para eventos recreativos.<br>\u00a0<br>Los representantes del IMDEP entregaron el proyecto que podr\u00eda ampliar la oferta acad\u00e9mica del IUSF.<br>\u00a0<br>\u00abHoy hemos dado el primer paso para profesionalizar un \u00e1rea tan importante como la recreaci\u00f3n, porque el deporte no es una personas detr\u00e1s de\u00a0un bal\u00f3n como muchos lo ven, la preparaci\u00f3n acad\u00e9mica es muy importante para tener profesionales integrales\u00bb\u00a0indic\u00f3 el presidente del IMDEP.<br>\u00a0<br>\u00abEn el documento entregado se contempla un diplomado para profesionales en el \u00e1rea de educaci\u00f3n o carreras a fin y talleres en animaci\u00f3n de eventos recreativos dirigido a docentes, entrenadores y p\u00fablico en general que hoy hacen vida en el tema de la recreaci\u00f3n de obtener herramientas para mejorar\u00bb, agreg\u00f3 el profesor Juan Rivera\u00a0<br>\u00a0<br>La directora del IUSF, Ingrid Fuenmayor, \u00a0se mostr\u00f3 complacida de recibir esta iniciativa indicando que la misma ser\u00e1 llevada a la coordinaci\u00f3n nacional de Fe y Alegr\u00eda para su aprobaci\u00f3n y espera que pronto\u00a0se habr\u00e1 esta opci\u00f3n.<br><strong><em>GS \/ Prensa IMDEP<\/em><\/strong><\/p>\n","protected":false},"excerpt":{"rendered":"<p>ENTRE TORMENTAS. Con\u00a0el objetivo de profesionalizar el \u00e1rea de recreaci\u00f3n, el Instituto P\u00fablico Municipal de&#8230;<\/p>\n","protected":false},"author":2,"featured_media":1497,"comment_status":"closed","ping_status":"open","sticky":false,"template":"","format":"standard","meta":{"footnotes":""},"categories":[1],"tags":[],"class_list":["post-1496","post","type-post","status-publish","format-standard","has-post-thumbnail","hentry","category-regionales"],"_links":{"self":[{"href":"https:\/\/entretormentas.com\/index.php?rest_route=\/wp\/v2\/posts\/1496","targetHints":{"allow":["GET"]}}],"collection":[{"href":"https:\/\/entretormentas.com\/index.php?rest_route=\/wp\/v2\/posts"}],"about":[{"href":"https:\/\/entretormentas.com\/index.php?rest_route=\/wp\/v2\/types\/post"}],"author":[{"embeddable":true,"href":"https:\/\/entretormentas.com\/index.php?rest_route=\/wp\/v2\/users\/2"}],"replies":[{"embeddable":true,"href":"https:\/\/entretormentas.com\/index.php?rest_route=%2Fwp%2Fv2%2Fcomments&post=1496"}],"version-history":[{"count":1,"href":"https:\/\/entretormentas.com\/index.php?rest_route=\/wp\/v2\/posts\/1496\/revisions"}],"predecessor-version":[{"id":1498,"href":"https:\/\/entretormentas.com\/index.php?rest_route=\/wp\/v2\/posts\/1496\/revisions\/1498"}],"wp:featuredmedia":[{"embeddable":true,"href":"https:\/\/entretormentas.com\/index.php?rest_route=\/wp\/v2\/media\/1497"}],"wp:attachment":[{"href":"https:\/\/entretormentas.com\/index.php?rest_route=%2Fwp%2Fv2%2Fmedia&parent=1496"}],"wp:term":[{"taxonomy":"category","embeddable":true,"href":"https:\/\/entretormentas.com\/index.php?rest_route=%2Fwp%2Fv2%2Fcategories&post=1496"},{"taxonomy":"post_tag","embeddable":true,"href":"https:\/\/entretormentas.com\/index.php?rest_route=%2Fwp%2Fv2%2Ftags&post=1496"}],"curies":[{"name":"wp","href":"https:\/\/api.w.org\/{rel}","templated":true}]}}