{"id":14961,"date":"2025-04-02T10:23:41","date_gmt":"2025-04-02T08:23:41","guid":{"rendered":"https:\/\/entretormentas.com\/?p=14961"},"modified":"2025-04-02T10:23:43","modified_gmt":"2025-04-02T08:23:43","slug":"para-este-jueves-maduro-confirma-repatriacion-de-300-migrantes-venezolanos-desde-mexico","status":"publish","type":"post","link":"https:\/\/entretormentas.com\/para-este-jueves-maduro-confirma-repatriacion-de-300-migrantes-venezolanos-desde-mexico\/","title":{"rendered":"\u00a1PARA ESTE JUEVES! Maduro confirma repatriaci\u00f3n de 300 migrantes venezolanos desde M\u00e9xico"},"content":{"rendered":"\n<p><strong>ENTRE TORMENTAS. <\/strong>Este lunes, el presidente Nicol\u00e1s Maduro anunci\u00f3 que, a trav\u00e9s del Plan Vuelta a la Patria, unos 300 migrantes venezolanos que llegaron a M\u00e9xico luego de cruzar desde los Estados Unidos ser\u00e1n regresados a Venezuela.<\/p>\n\n\n\n<p>\u00abEl pr\u00f3ximo jueves va un avi\u00f3n a M\u00e9xico, pero a rescatar migrantes, pero es a rescatar a migrantes venezolanos que pudieron salvarse de la persecuci\u00f3n y pasaron la frontera hacia M\u00e9xico\u00bb!\u00bb, inform\u00f3 Maduro.<\/p>\n\n\n\n<p>Seguidamente, el jefe de Estado venezolano orient\u00f3 al presidente de la Asamblea Nacional, Jorge Rodr\u00edguez, a rescatar a los ni\u00f1os venezolanos que se encuentran en calidad de migrantes en Estados Unidos y que fueron separados de sus familiares.<br><strong><em>ET \/ El Universal<\/em><\/strong><\/p>\n","protected":false},"excerpt":{"rendered":"<p>ENTRE TORMENTAS. Este lunes, el presidente Nicol\u00e1s Maduro anunci\u00f3 que, a trav\u00e9s del Plan Vuelta&#8230;<\/p>\n","protected":false},"author":2,"featured_media":14962,"comment_status":"closed","ping_status":"open","sticky":false,"template":"","format":"standard","meta":{"footnotes":""},"categories":[56,49],"tags":[],"class_list":["post-14961","post","type-post","status-publish","format-standard","has-post-thumbnail","hentry","category-destacadas","category-nacionales"],"_links":{"self":[{"href":"https:\/\/entretormentas.com\/index.php?rest_route=\/wp\/v2\/posts\/14961","targetHints":{"allow":["GET"]}}],"collection":[{"href":"https:\/\/entretormentas.com\/index.php?rest_route=\/wp\/v2\/posts"}],"about":[{"href":"https:\/\/entretormentas.com\/index.php?rest_route=\/wp\/v2\/types\/post"}],"author":[{"embeddable":true,"href":"https:\/\/entretormentas.com\/index.php?rest_route=\/wp\/v2\/users\/2"}],"replies":[{"embeddable":true,"href":"https:\/\/entretormentas.com\/index.php?rest_route=%2Fwp%2Fv2%2Fcomments&post=14961"}],"version-history":[{"count":1,"href":"https:\/\/entretormentas.com\/index.php?rest_route=\/wp\/v2\/posts\/14961\/revisions"}],"predecessor-version":[{"id":14963,"href":"https:\/\/entretormentas.com\/index.php?rest_route=\/wp\/v2\/posts\/14961\/revisions\/14963"}],"wp:featuredmedia":[{"embeddable":true,"href":"https:\/\/entretormentas.com\/index.php?rest_route=\/wp\/v2\/media\/14962"}],"wp:attachment":[{"href":"https:\/\/entretormentas.com\/index.php?rest_route=%2Fwp%2Fv2%2Fmedia&parent=14961"}],"wp:term":[{"taxonomy":"category","embeddable":true,"href":"https:\/\/entretormentas.com\/index.php?rest_route=%2Fwp%2Fv2%2Fcategories&post=14961"},{"taxonomy":"post_tag","embeddable":true,"href":"https:\/\/entretormentas.com\/index.php?rest_route=%2Fwp%2Fv2%2Ftags&post=14961"}],"curies":[{"name":"wp","href":"https:\/\/api.w.org\/{rel}","templated":true}]}}