{"id":14964,"date":"2025-04-02T10:26:59","date_gmt":"2025-04-02T08:26:59","guid":{"rendered":"https:\/\/entretormentas.com\/?p=14964"},"modified":"2025-04-02T10:27:00","modified_gmt":"2025-04-02T08:27:00","slug":"patronal-espanola-piden-actuar-desde-europa-ante-aranceles-de-trump-al-petroleo-venezolano","status":"publish","type":"post","link":"https:\/\/entretormentas.com\/patronal-espanola-piden-actuar-desde-europa-ante-aranceles-de-trump-al-petroleo-venezolano\/","title":{"rendered":"\u00a1PATRONAL ESPA\u00d1OLA! Piden \u00abactuar desde Europa\u00bb ante aranceles de Trump al petr\u00f3leo venezolano"},"content":{"rendered":"\n<p><strong>ENTRE TORMENTAS. <\/strong>El presidente de la Confederaci\u00f3n Espa\u00f1ola de Organizaciones Empresariales, Antonio Garamendi, apunt\u00f3 este martes en Lisboa que \u00abhay que actuar desde Europa\u00bb para responder a la pol\u00edtica comercial de EE.UU., tanto en lo que respecta a los aranceles como en el caso de Repsol en Venezuela.<\/p>\n\n\n\n<p>Garamendi hizo estas declaraciones a la prensa antes del inicio del III Foro La Toja Lisboa en la Fundaci\u00f3n Calouste Gulbenkian de la capital lusa, donde el responsable participa en una ponencia.<\/p>\n\n\n\n<p>El presidente de la patronal espa\u00f1ola calific\u00f3 de \u00abnoticia francamente negativa\u00bb para Europa y Espa\u00f1a la imposici\u00f3n de aranceles globales a partir de ma\u00f1ana, mi\u00e9rcoles, por parte del presidente de EE.UU., Donald Trump.<\/p>\n\n\n\n<p>\u00abYo creo que aqu\u00ed hay que ver el encaje europeo y va a haber que actuar desde Europa\u00bb, reflexion\u00f3, al tiempo que apunt\u00f3 que \u00abes muy importante\u00bb plantear que Estados Unidos es \u00abun pa\u00eds amigo\u00bb, precis\u00f3.<\/p>\n\n\n\n<figure class=\"wp-block-image size-full\"><img fetchpriority=\"high\" decoding=\"async\" width=\"677\" height=\"374\" src=\"https:\/\/entretormentas.com\/wp-content\/uploads\/2025\/04\/image-36.png\" alt=\"\" class=\"wp-image-14966\" srcset=\"https:\/\/entretormentas.com\/wp-content\/uploads\/2025\/04\/image-36.png 677w, https:\/\/entretormentas.com\/wp-content\/uploads\/2025\/04\/image-36-300x166.png 300w\" sizes=\"(max-width: 677px) 100vw, 677px\" \/><\/figure>\n\n\n\n<p>\u00abNosotros, los espa\u00f1oles, tenemos unas inversiones cercanas a m\u00e1s de 80.000 millones de euros instaladas en Estados Unidos -record\u00f3-. Tenemos 800 empresas espa\u00f1olas de forma permanente instaladas en Estados Unidos\u00bb.<\/p>\n\n\n\n<p>Y sigui\u00f3: \u00abPr\u00e1cticamente exportamos (a EE.UU.) un 4,5 % de lo que es la internacionalizaci\u00f3n de las empresas espa\u00f1olas. Pero nos afecta muy especialmente en que nos va tambi\u00e9n a comprimir el mercado tambi\u00e9n a nivel europeo. Todo lo que afecte a Alemania, todo lo que afecte a Francia nos va a influir\u00bb.<\/p>\n\n\n\n<p>Garamendi mencion\u00f3 tambi\u00e9n la decisi\u00f3n del Gobierno de Trump de cancelar los permisos a los socios de la petrolera estatal venezolana PDVSA -entre ellos, Repsol- para exportar crudo y derivados de Venezuela.<\/p>\n\n\n\n<p>\u00abYo creo que en Espa\u00f1a y en este caso en las empresas espa\u00f1olas, siempre vamos a apostar por el multilateralismo, por lo que es una econom\u00eda abierta, una econom\u00eda global, que es en lo que venimos trabajando toda la vida\u00bb, remarc\u00f3.<\/p>\n\n\n\n<p>Sobre este asunto, dijo que los empresarios europeos est\u00e1n trabajando, planteando su opini\u00f3n e insisti\u00f3 en que no es solo un planteamiento de Espa\u00f1a, sino de Europa.<\/p>\n\n\n\n<p>\u00abVamos a trabajar en este caso con la Comisi\u00f3n, con la Uni\u00f3n Europea, para dar una posici\u00f3n conjunta, yo creo que tiene que ser as\u00ed\u00bb, indic\u00f3.<br><strong><em>ET \/ Agencias<\/em><\/strong><\/p>\n\n\n\n<p><\/p>\n","protected":false},"excerpt":{"rendered":"<p>ENTRE TORMENTAS. El presidente de la Confederaci\u00f3n Espa\u00f1ola de Organizaciones Empresariales, Antonio Garamendi, apunt\u00f3 este&#8230;<\/p>\n","protected":false},"author":2,"featured_media":14965,"comment_status":"closed","ping_status":"open","sticky":false,"template":"","format":"standard","meta":{"footnotes":""},"categories":[56,48],"tags":[],"class_list":["post-14964","post","type-post","status-publish","format-standard","has-post-thumbnail","hentry","category-destacadas","category-internacionales"],"_links":{"self":[{"href":"https:\/\/entretormentas.com\/index.php?rest_route=\/wp\/v2\/posts\/14964","targetHints":{"allow":["GET"]}}],"collection":[{"href":"https:\/\/entretormentas.com\/index.php?rest_route=\/wp\/v2\/posts"}],"about":[{"href":"https:\/\/entretormentas.com\/index.php?rest_route=\/wp\/v2\/types\/post"}],"author":[{"embeddable":true,"href":"https:\/\/entretormentas.com\/index.php?rest_route=\/wp\/v2\/users\/2"}],"replies":[{"embeddable":true,"href":"https:\/\/entretormentas.com\/index.php?rest_route=%2Fwp%2Fv2%2Fcomments&post=14964"}],"version-history":[{"count":1,"href":"https:\/\/entretormentas.com\/index.php?rest_route=\/wp\/v2\/posts\/14964\/revisions"}],"predecessor-version":[{"id":14967,"href":"https:\/\/entretormentas.com\/index.php?rest_route=\/wp\/v2\/posts\/14964\/revisions\/14967"}],"wp:featuredmedia":[{"embeddable":true,"href":"https:\/\/entretormentas.com\/index.php?rest_route=\/wp\/v2\/media\/14965"}],"wp:attachment":[{"href":"https:\/\/entretormentas.com\/index.php?rest_route=%2Fwp%2Fv2%2Fmedia&parent=14964"}],"wp:term":[{"taxonomy":"category","embeddable":true,"href":"https:\/\/entretormentas.com\/index.php?rest_route=%2Fwp%2Fv2%2Fcategories&post=14964"},{"taxonomy":"post_tag","embeddable":true,"href":"https:\/\/entretormentas.com\/index.php?rest_route=%2Fwp%2Fv2%2Ftags&post=14964"}],"curies":[{"name":"wp","href":"https:\/\/api.w.org\/{rel}","templated":true}]}}