{"id":14980,"date":"2025-04-03T10:00:19","date_gmt":"2025-04-03T08:00:19","guid":{"rendered":"https:\/\/entretormentas.com\/?p=14980"},"modified":"2025-04-03T10:00:20","modified_gmt":"2025-04-03T08:00:20","slug":"alcaldia-activa-ninos-de-san-francisco-participan-en-el-festival-municipal-de-psicomotricidad","status":"publish","type":"post","link":"https:\/\/entretormentas.com\/alcaldia-activa-ninos-de-san-francisco-participan-en-el-festival-municipal-de-psicomotricidad\/","title":{"rendered":"\u00a1ALCALD\u00cdA ACTIVA! Ni\u00f1os de San Francisco participan en el Festival Municipal de Psicomotricidad"},"content":{"rendered":"\n<p><strong>ENTRE TORMENTAS.<\/strong> San Francisco se llen\u00f3 de risas y energ\u00eda en el Festival Municipal de Psicomotricidad, bajo el eslogan \u201cEntre baile y movimiento disfruto ser zuliano\u201d, donde 70 ni\u00f1os se unieron para celebrar el desarrollo integral a trav\u00e9s de circuitos de obst\u00e1culos, juegos grupales de integraci\u00f3n y actividades culturales.<\/p>\n\n\n\n<p>La actividad que cont\u00f3 con el apoyo del alcalde del municipio Gustavo Fern\u00e1ndez y realizada por el Programa Educativo Zuliano (PEZ), sirvi\u00f3 de punto de encuentro para fomentar el desarrollo integral de los ni\u00f1os y ni\u00f1as en edad inicial, a trav\u00e9s de actividades f\u00edsicas que estimulen sus capacidades motoras, sociales y cognitivas.<\/p>\n\n\n\n<p>\u201cEn este evento participaron siete instituciones educativas del municipio, representadas cada una por 10 alumnos, para una participaci\u00f3n de 70 ni\u00f1os, que resultaron seleccionados en encuentros internos y parroquiales por escuelas\u201d, inform\u00f3 Argenis Albornoz, director de Educaci\u00f3n.<\/p>\n\n\n\n<figure class=\"wp-block-image size-large\"><img fetchpriority=\"high\" decoding=\"async\" width=\"1024\" height=\"768\" src=\"https:\/\/entretormentas.com\/wp-content\/uploads\/2025\/04\/image-43-1024x768.png\" alt=\"\" class=\"wp-image-14981\" srcset=\"https:\/\/entretormentas.com\/wp-content\/uploads\/2025\/04\/image-43-1024x768.png 1024w, https:\/\/entretormentas.com\/wp-content\/uploads\/2025\/04\/image-43-300x225.png 300w, https:\/\/entretormentas.com\/wp-content\/uploads\/2025\/04\/image-43-768x576.png 768w, https:\/\/entretormentas.com\/wp-content\/uploads\/2025\/04\/image-43.png 1280w\" sizes=\"(max-width: 1024px) 100vw, 1024px\" \/><\/figure>\n\n\n\n<p>Estas escuelas participantes fueron: UEE Maestro William Villalobos, UEE San Miguel Arc\u00e1ngel, UEE 19 de Abril y UEE Sr. Venancio de Jes\u00fas Duarte; los Centros de Educaci\u00f3nHospital I \u201cDr. Sen\u00e9n Castillo Reverol\u201d, Estadal Batalla de Carabobo.<\/p>\n\n\n\n<p>Albornoz refiri\u00f3 que \u201cla Alcald\u00eda de San Francisco a trav\u00e9s de la Gerencia de Desarrollo Social y la Direcci\u00f3n de Educaci\u00f3n, brind\u00f3 el apoyo log\u00edstico para la actividad\u201d, lo que sin duda, facilit\u00f3 el trabajo de los coordinadores institucionales, docentes, directivos, supervisores, jefes parroquiales y representantes que estuvieron al frente del desarrollo del evento.<\/p>\n\n\n\n<p>El festival que se desarroll\u00f3, desde la cancha de usos m\u00faltiples Jos\u00e9 Ram\u00f3n Solano, cont\u00f3 con actividades como circuitos de obst\u00e1culos, con ejercicio de saltos, equilibrio y coordinaci\u00f3n; juegos grupales de integraci\u00f3n con pelotas, juegos tradicionales y aros, y por supuesto no faltaron las actividades culturales. Todo realizado en estaciones, cada una dise\u00f1ada para trabajar un aspecto espec\u00edfico de la psicomotricidad, explic\u00f3 el director de Educaci\u00f3n.<\/p>\n\n\n\n<p><strong>OLIMPIADAS MUNICIPALES DE DELETREO<\/strong><br>Argenis Albornoz, reiter\u00f3 que en la final del Festival Municipal de Psicomotricidad, participaron siete escuelas representando las siete parroquias del municipio, al se\u00f1alar que este mismo a\u00f1o escolar, se han realizado otras actividades como por ejemplo un Rally de Matem\u00e1ticas, y que se preparan otras en el \u00e1mbito educativo.<\/p>\n\n\n\n<figure class=\"wp-block-image size-large\"><img decoding=\"async\" width=\"1024\" height=\"768\" src=\"https:\/\/entretormentas.com\/wp-content\/uploads\/2025\/04\/image-44-1024x768.png\" alt=\"\" class=\"wp-image-14982\" srcset=\"https:\/\/entretormentas.com\/wp-content\/uploads\/2025\/04\/image-44-1024x768.png 1024w, https:\/\/entretormentas.com\/wp-content\/uploads\/2025\/04\/image-44-300x225.png 300w, https:\/\/entretormentas.com\/wp-content\/uploads\/2025\/04\/image-44-768x576.png 768w, https:\/\/entretormentas.com\/wp-content\/uploads\/2025\/04\/image-44.png 1080w\" sizes=\"(max-width: 1024px) 100vw, 1024px\" \/><\/figure>\n\n\n\n<p>\u201cEste mes se realizar\u00e1, en el auditorio del ayuntamiento, las primeras Olimpiadas Municipales de Deletreo, patrocinadas por la alcald\u00eda de San Francisco a trav\u00e9s de la Direcci\u00f3n de Educaci\u00f3n y la Unidad Educativa Santa Ana de Jes\u00fas\u201d, inform\u00f3 Albornoz.<\/p>\n\n\n\n<p>\u201cTrabajamos de la mano del Proyecto Educativo Zuliano (PEZ)\u201d, dijo el encargado de la Direcci\u00f3n de Educaci\u00f3n al explicar que la alcald\u00eda de San Francisco presta el apoyo a todas las escuelas, 36 en total, que tiene la Gobernaci\u00f3n del estado Zulia en la geograf\u00eda municipal, y que conforman el Proyecto Educativo Zuliano, con qui\u00e9n se viene trabajando en conjunto.<br><strong><em>ET \/ Alcald\u00eda de San Francisco<\/em><\/strong><\/p>\n\n\n\n<p><\/p>\n","protected":false},"excerpt":{"rendered":"<p>ENTRE TORMENTAS. San Francisco se llen\u00f3 de risas y energ\u00eda en el Festival Municipal de&#8230;<\/p>\n","protected":false},"author":2,"featured_media":14983,"comment_status":"closed","ping_status":"open","sticky":false,"template":"","format":"standard","meta":{"footnotes":""},"categories":[1],"tags":[],"class_list":["post-14980","post","type-post","status-publish","format-standard","has-post-thumbnail","hentry","category-regionales"],"_links":{"self":[{"href":"https:\/\/entretormentas.com\/index.php?rest_route=\/wp\/v2\/posts\/14980","targetHints":{"allow":["GET"]}}],"collection":[{"href":"https:\/\/entretormentas.com\/index.php?rest_route=\/wp\/v2\/posts"}],"about":[{"href":"https:\/\/entretormentas.com\/index.php?rest_route=\/wp\/v2\/types\/post"}],"author":[{"embeddable":true,"href":"https:\/\/entretormentas.com\/index.php?rest_route=\/wp\/v2\/users\/2"}],"replies":[{"embeddable":true,"href":"https:\/\/entretormentas.com\/index.php?rest_route=%2Fwp%2Fv2%2Fcomments&post=14980"}],"version-history":[{"count":1,"href":"https:\/\/entretormentas.com\/index.php?rest_route=\/wp\/v2\/posts\/14980\/revisions"}],"predecessor-version":[{"id":14984,"href":"https:\/\/entretormentas.com\/index.php?rest_route=\/wp\/v2\/posts\/14980\/revisions\/14984"}],"wp:featuredmedia":[{"embeddable":true,"href":"https:\/\/entretormentas.com\/index.php?rest_route=\/wp\/v2\/media\/14983"}],"wp:attachment":[{"href":"https:\/\/entretormentas.com\/index.php?rest_route=%2Fwp%2Fv2%2Fmedia&parent=14980"}],"wp:term":[{"taxonomy":"category","embeddable":true,"href":"https:\/\/entretormentas.com\/index.php?rest_route=%2Fwp%2Fv2%2Fcategories&post=14980"},{"taxonomy":"post_tag","embeddable":true,"href":"https:\/\/entretormentas.com\/index.php?rest_route=%2Fwp%2Fv2%2Ftags&post=14980"}],"curies":[{"name":"wp","href":"https:\/\/api.w.org\/{rel}","templated":true}]}}