{"id":14985,"date":"2025-04-03T10:03:35","date_gmt":"2025-04-03T08:03:35","guid":{"rendered":"https:\/\/entretormentas.com\/?p=14985"},"modified":"2025-04-03T10:03:35","modified_gmt":"2025-04-03T08:03:35","slug":"oportuna-atencion-parto-de-emergencia-en-el-materno-raul-leoni-termina-con-final-feliz","status":"publish","type":"post","link":"https:\/\/entretormentas.com\/oportuna-atencion-parto-de-emergencia-en-el-materno-raul-leoni-termina-con-final-feliz\/","title":{"rendered":"\u00a1OPORTUNA ATENCI\u00d3N! Parto de emergencia en el materno \u201cRa\u00fal Leoni\u201d termina con final feliz"},"content":{"rendered":"\n<p><strong>ENTRE TORMENTAS.<\/strong> Dicen los especialistas que en cada reci\u00e9n nacido que llega al mundo hay una historia de vida diferente. Sin embargo, pocos podr\u00edan haber imaginado lo que ocurri\u00f3 el pasado 30 de marzo a las puertas de la emergencia del hospital Materno Infantil \u201cRa\u00fal Leoni\u201d, al oeste de Maracaibo, cuando una parturienta lleg\u00f3 al centro de salud con partes de su beb\u00e9 ya visibles.<\/p>\n\n\n\n<p>El parto de Yoleida Gonz\u00e1lez no solo estaba en desarrollo: era impostergable. La cabeza del beb\u00e9 ya estaba afuera de su cuerpo, un proceso conocido como \u201ccoronaci\u00f3n\u201d, y la dilataci\u00f3n completa. Ante esta situaci\u00f3n el personal de guardia del hospital se activ\u00f3 r\u00e1pidamente para recibir al peque\u00f1o, un var\u00f3n sano y fuerte de 47 cent\u00edmetros de estatura y 3 kilos de peso.<\/p>\n\n\n\n<p>La informaci\u00f3n se hizo viral de inmediato debido a lo inusual del suceso, pero culmin\u00f3 de forma exitosa no solo por la rapidez de la atenci\u00f3n, sino tambi\u00e9n gracias a que los familiares de Gonz\u00e1lez hab\u00edan avisado con anticipaci\u00f3n suficiente en la Sala de Emergencias. Al respecto, el secretario de Salud del Zulia, Diego Mu\u00f1oz, explic\u00f3: \u201clos familiares que la acompa\u00f1aron se adelantaron para prevenir a los m\u00e9dicos de la premura del caso, que ya estaba en fase expulsiva. Se aplic\u00f3 el protocolo en estos casos, pero la labor de parto estaba tan adelantada que el ni\u00f1o sali\u00f3 de su mam\u00e1 directamente a las manos del m\u00e9dico de guardia del hospital\u201d.<\/p>\n\n\n\n<figure class=\"wp-block-image size-large\"><img fetchpriority=\"high\" decoding=\"async\" width=\"1024\" height=\"576\" src=\"https:\/\/entretormentas.com\/wp-content\/uploads\/2025\/04\/image-46-1024x576.png\" alt=\"\" class=\"wp-image-14986\" srcset=\"https:\/\/entretormentas.com\/wp-content\/uploads\/2025\/04\/image-46-1024x576.png 1024w, https:\/\/entretormentas.com\/wp-content\/uploads\/2025\/04\/image-46-300x169.png 300w, https:\/\/entretormentas.com\/wp-content\/uploads\/2025\/04\/image-46-768x432.png 768w, https:\/\/entretormentas.com\/wp-content\/uploads\/2025\/04\/image-46.png 1280w\" sizes=\"(max-width: 1024px) 100vw, 1024px\" \/><\/figure>\n\n\n\n<p><strong>PROTOCOLO COMPLETO<\/strong><br>Tras el nacimiento, tanto el beb\u00e9 como la nueva mam\u00e1 fueron ingresados a la Sala de Hospitalizaci\u00f3n para garantizar la atenci\u00f3n de ambos. Tras constatarse su perfecto estado de salud -y cumplirse con el tiempo de espera de rigor en estos casos-, ambos fueron dados de alta y hoy descansan, sanos y salvos, al calor del hogar y de su familia.<\/p>\n\n\n\n<p>No obstante, Mu\u00f1oz aprovech\u00f3 esta oportunidad para llamar a la reflexi\u00f3n, no solo de las mujeres en estado de gravidez, sino tambi\u00e9n a su entorno familiar, a fin de mantener un correcto control prenatal, recordar la importancia de acudir a las citas de control y de mantener una permanente vigilancia del embarazo para que, como en este caso, la historia tenga un final feliz.<\/p>\n\n\n\n<p>Paralelamente, Mu\u00f1oz recalc\u00f3 que en la actualidad se est\u00e1 interviniendo la infraestructura del \u201cRa\u00fal Leoni\u201d, con la colocaci\u00f3n de 40 toneladas de aire acondicionado con el fin de optimizar la atenci\u00f3n de emergencias y pabellones. \u201cEl gobernador ha logrado recuperar la red ambulatoria y hospitalaria del Zulia para que vuelva a ser referencia nacional\u201d, dijo. \u201cFelicitamos a todo el equipo multidisciplinario que trabaja por la recuperaci\u00f3n de las instalaciones, cuyo trabajo tiene como prioridad el bienestar y la calidad de vida de los ciudadanos\u00bb, asever\u00f3.<br><strong><em>ET \/ Nota de Prensa<\/em><\/strong><\/p>\n\n\n\n<p><\/p>\n","protected":false},"excerpt":{"rendered":"<p>ENTRE TORMENTAS. Dicen los especialistas que en cada reci\u00e9n nacido que llega al mundo hay&#8230;<\/p>\n","protected":false},"author":2,"featured_media":14987,"comment_status":"closed","ping_status":"open","sticky":false,"template":"","format":"standard","meta":{"footnotes":""},"categories":[57,1],"tags":[],"class_list":["post-14985","post","type-post","status-publish","format-standard","has-post-thumbnail","hentry","category-actualidad","category-regionales"],"_links":{"self":[{"href":"https:\/\/entretormentas.com\/index.php?rest_route=\/wp\/v2\/posts\/14985","targetHints":{"allow":["GET"]}}],"collection":[{"href":"https:\/\/entretormentas.com\/index.php?rest_route=\/wp\/v2\/posts"}],"about":[{"href":"https:\/\/entretormentas.com\/index.php?rest_route=\/wp\/v2\/types\/post"}],"author":[{"embeddable":true,"href":"https:\/\/entretormentas.com\/index.php?rest_route=\/wp\/v2\/users\/2"}],"replies":[{"embeddable":true,"href":"https:\/\/entretormentas.com\/index.php?rest_route=%2Fwp%2Fv2%2Fcomments&post=14985"}],"version-history":[{"count":1,"href":"https:\/\/entretormentas.com\/index.php?rest_route=\/wp\/v2\/posts\/14985\/revisions"}],"predecessor-version":[{"id":14988,"href":"https:\/\/entretormentas.com\/index.php?rest_route=\/wp\/v2\/posts\/14985\/revisions\/14988"}],"wp:featuredmedia":[{"embeddable":true,"href":"https:\/\/entretormentas.com\/index.php?rest_route=\/wp\/v2\/media\/14987"}],"wp:attachment":[{"href":"https:\/\/entretormentas.com\/index.php?rest_route=%2Fwp%2Fv2%2Fmedia&parent=14985"}],"wp:term":[{"taxonomy":"category","embeddable":true,"href":"https:\/\/entretormentas.com\/index.php?rest_route=%2Fwp%2Fv2%2Fcategories&post=14985"},{"taxonomy":"post_tag","embeddable":true,"href":"https:\/\/entretormentas.com\/index.php?rest_route=%2Fwp%2Fv2%2Ftags&post=14985"}],"curies":[{"name":"wp","href":"https:\/\/api.w.org\/{rel}","templated":true}]}}