{"id":14989,"date":"2025-04-03T10:06:52","date_gmt":"2025-04-03T08:06:52","guid":{"rendered":"https:\/\/entretormentas.com\/?p=14989"},"modified":"2025-04-03T10:06:53","modified_gmt":"2025-04-03T08:06:53","slug":"palabra-empenada-residentes-del-sector-paraiso-el-sol-en-san-francisco-reciben-kits-para-recoleccion-de-desechos","status":"publish","type":"post","link":"https:\/\/entretormentas.com\/palabra-empenada-residentes-del-sector-paraiso-el-sol-en-san-francisco-reciben-kits-para-recoleccion-de-desechos\/","title":{"rendered":"\u00a1PALABRA EMPE\u00d1ADA! Residentes del sector Para\u00edso El Sol en San Francisco reciben kits para recolecci\u00f3n de desechos"},"content":{"rendered":"\n<p><strong>ENTRE TORMENTAS. <\/strong>A fin de brindar un servicio eficiente y uso correcto de recolecci\u00f3n domiciliaria de desechos s\u00f3lidos, el alcalde Gustavo Fern\u00e1ndez, a trav\u00e9s del Instituto P\u00fablico Municipal de Ambiente y Aseo Urbano, en coordinaci\u00f3n con los vecinos y la secretar\u00eda parroquial hizo entrega de kits de recipientes (pipas y bolsas), cumpliendo con la palabra empe\u00f1ada en asamblea de ciudadanos, realizada en d\u00edas pasados, en esta populosa zona del municipio San Francisco.<\/p>\n\n\n\n<p>Carlos Calles, presidente de Imasur, inform\u00f3 que para garantizar la eficacia en las operaciones se hizo entrega este lunes 31 de marzo de estos implementos en el sector Para\u00edso El Sol y progresivamente hacer lo mismo en Ciudad El Sol, Plaza El Sol y los bloques rojos, los cuales aglutinan a un aproximado de 9 mil habitantes en los 260 apartamentos que componen el complejo.<\/p>\n\n\n\n<figure class=\"wp-block-image size-large\"><img fetchpriority=\"high\" decoding=\"async\" width=\"1024\" height=\"768\" src=\"https:\/\/entretormentas.com\/wp-content\/uploads\/2025\/04\/image-49-1024x768.png\" alt=\"\" class=\"wp-image-14991\" srcset=\"https:\/\/entretormentas.com\/wp-content\/uploads\/2025\/04\/image-49-1024x768.png 1024w, https:\/\/entretormentas.com\/wp-content\/uploads\/2025\/04\/image-49-300x225.png 300w, https:\/\/entretormentas.com\/wp-content\/uploads\/2025\/04\/image-49-768x576.png 768w, https:\/\/entretormentas.com\/wp-content\/uploads\/2025\/04\/image-49.png 1080w\" sizes=\"(max-width: 1024px) 100vw, 1024px\" \/><\/figure>\n\n\n\n<p>Javier Solano, director de aseo urbano y domiciliario, manifest\u00f3 que por tratarse de edificios, los usuarios no pueden permanecer mucho tiempo con la basura, motivo por el cual la frecuencia de recolecci\u00f3n ser\u00e1 interdiario, lunes, mi\u00e9rcoles, viernes y domingos.<\/p>\n\n\n\n<p>El llamado es nuevamente a los vecinos a tomar conciencia y evitar el bote indiscriminado de basura en lugares ya saneados. \u00abLe pedimos a los ciudadanos no continuar con esta pr\u00e1ctica, ya que esto le ocasiona un problema a la municipalidad, pero afecta directamente a las comunidades. Entre todos lograremos ganarle la batalla a la basura\u00bb, inform\u00f3 Solano.<\/p>\n\n\n\n<p>El alcalde Gustavo Fern\u00e1ndez contin\u00faa haciendo grandes esfuerzos y utilizando todas los mecanismos necesarios para convertir a San Francisco en el municipio m\u00e1s limpio del occidente del pa\u00eds, como prioridad durante su gesti\u00f3n en este 2025.<br><strong><em>ET \/ Alcald\u00eda de San Francisco<\/em><\/strong><\/p>\n","protected":false},"excerpt":{"rendered":"<p>ENTRE TORMENTAS. A fin de brindar un servicio eficiente y uso correcto de recolecci\u00f3n domiciliaria&#8230;<\/p>\n","protected":false},"author":2,"featured_media":14990,"comment_status":"closed","ping_status":"open","sticky":false,"template":"","format":"standard","meta":{"footnotes":""},"categories":[57,1],"tags":[],"class_list":["post-14989","post","type-post","status-publish","format-standard","has-post-thumbnail","hentry","category-actualidad","category-regionales"],"_links":{"self":[{"href":"https:\/\/entretormentas.com\/index.php?rest_route=\/wp\/v2\/posts\/14989","targetHints":{"allow":["GET"]}}],"collection":[{"href":"https:\/\/entretormentas.com\/index.php?rest_route=\/wp\/v2\/posts"}],"about":[{"href":"https:\/\/entretormentas.com\/index.php?rest_route=\/wp\/v2\/types\/post"}],"author":[{"embeddable":true,"href":"https:\/\/entretormentas.com\/index.php?rest_route=\/wp\/v2\/users\/2"}],"replies":[{"embeddable":true,"href":"https:\/\/entretormentas.com\/index.php?rest_route=%2Fwp%2Fv2%2Fcomments&post=14989"}],"version-history":[{"count":1,"href":"https:\/\/entretormentas.com\/index.php?rest_route=\/wp\/v2\/posts\/14989\/revisions"}],"predecessor-version":[{"id":14993,"href":"https:\/\/entretormentas.com\/index.php?rest_route=\/wp\/v2\/posts\/14989\/revisions\/14993"}],"wp:featuredmedia":[{"embeddable":true,"href":"https:\/\/entretormentas.com\/index.php?rest_route=\/wp\/v2\/media\/14990"}],"wp:attachment":[{"href":"https:\/\/entretormentas.com\/index.php?rest_route=%2Fwp%2Fv2%2Fmedia&parent=14989"}],"wp:term":[{"taxonomy":"category","embeddable":true,"href":"https:\/\/entretormentas.com\/index.php?rest_route=%2Fwp%2Fv2%2Fcategories&post=14989"},{"taxonomy":"post_tag","embeddable":true,"href":"https:\/\/entretormentas.com\/index.php?rest_route=%2Fwp%2Fv2%2Ftags&post=14989"}],"curies":[{"name":"wp","href":"https:\/\/api.w.org\/{rel}","templated":true}]}}