{"id":15009,"date":"2025-04-03T10:22:03","date_gmt":"2025-04-03T08:22:03","guid":{"rendered":"https:\/\/entretormentas.com\/?p=15009"},"modified":"2025-04-03T10:22:04","modified_gmt":"2025-04-03T08:22:04","slug":"comunicado-plataforma-unitaria-ratifica-que-no-participara-en-elecciones-del-25-may","status":"publish","type":"post","link":"https:\/\/entretormentas.com\/comunicado-plataforma-unitaria-ratifica-que-no-participara-en-elecciones-del-25-may\/","title":{"rendered":"\u00a1COMUNICADO! Plataforma Unitaria ratifica que no participar\u00e1 en elecciones del 25-May"},"content":{"rendered":"\n<p><strong>ENTRE TORMENTAS.<\/strong> La Plataforma Unitaria Democr\u00e1tica (PUD) anunci\u00f3 este mi\u00e9rcoles su rechazo categ\u00f3rico al llamado a \u00abvotar a ciegas\u00bb que, seg\u00fan denuncian, est\u00e1n promoviendo \u00abalgunos sectores\u00bb de cara a las elecciones legislativas y regionales programadas para el 25 de mayo.<\/p>\n\n\n\n<p>A trav\u00e9s de un comunicado, la PUD reafirm\u00f3 su postura de desconocimiento de los resultados de las elecciones presidenciales del 28 de julio de 2024.<\/p>\n\n\n\n<p>Plataforma Unitaria denuncia falta de garant\u00edas electorales<br>La Plataforma Unitaria calific\u00f3 la convocatoria a los comicios de mayo como precipitada, injusta y viciada, argumentando que lejos de contribuir a la soluci\u00f3n de la crisis venezolana, la agrava y profundiza.<\/p>\n\n\n\n<figure class=\"wp-block-image size-large\"><img fetchpriority=\"high\" decoding=\"async\" width=\"763\" height=\"1024\" src=\"https:\/\/entretormentas.com\/wp-content\/uploads\/2025\/04\/image-59-763x1024.png\" alt=\"\" class=\"wp-image-15011\" srcset=\"https:\/\/entretormentas.com\/wp-content\/uploads\/2025\/04\/image-59-763x1024.png 763w, https:\/\/entretormentas.com\/wp-content\/uploads\/2025\/04\/image-59-224x300.png 224w, https:\/\/entretormentas.com\/wp-content\/uploads\/2025\/04\/image-59-768x1030.png 768w, https:\/\/entretormentas.com\/wp-content\/uploads\/2025\/04\/image-59.png 954w\" sizes=\"(max-width: 763px) 100vw, 763px\" \/><\/figure>\n\n\n\n<p>El bloque opositor se\u00f1al\u00f3 al Consejo Nacional Electoral (CNE) como un \u00e1rbitro severamente cuestionado, nacional e internacionalmente. Adem\u00e1s, denunci\u00f3 un contexto de represi\u00f3n y persecuci\u00f3n contra l\u00edderes pol\u00edticos y ciudadanos que, a su juicio, vicia a\u00fan m\u00e1s el proceso electoral.<\/p>\n\n\n\n<p>La coalici\u00f3n opositora enfatiz\u00f3 que la falta absoluta de garant\u00edas electorales y pol\u00edticas hace imposible su participaci\u00f3n en las elecciones de mayo. Criticaron que el CNE a\u00fan no haya publicado los resultados de las elecciones presidenciales de julio, tal como lo establec\u00eda su propio cronograma, lo que alimenta las dudas sobre la transparencia del sistema electoral venezolano.<\/p>\n\n\n\n<p><strong>SALIDA DEMOCR\u00c1TICA<\/strong><br>La PUD dej\u00f3 claro que su decisi\u00f3n de no participar en los comicios de mayo no implica rendirse ni adaptarse al juego del poder. Por el contrario, afirmaron que su objetivo es honrar el mandato recibido en las presidenciales y continuar la lucha por \u00abv\u00edas c\u00edvicas, pac\u00edficas y constitucionales, hasta construir una salida democr\u00e1tica\u00bb para Venezuela.<\/p>\n\n\n\n<p>Mientras la Plataforma Unitaria apuesta por el desconocimiento y la presi\u00f3n por garant\u00edas electorales, otros sectores consideran que la participaci\u00f3n, a pesar de las limitaciones, es una v\u00eda para mantener espacios de lucha pol\u00edtica.<br><strong><em>ET \/ El Nacional<\/em><\/strong><\/p>\n","protected":false},"excerpt":{"rendered":"<p>ENTRE TORMENTAS. La Plataforma Unitaria Democr\u00e1tica (PUD) anunci\u00f3 este mi\u00e9rcoles su rechazo categ\u00f3rico al llamado&#8230;<\/p>\n","protected":false},"author":2,"featured_media":15010,"comment_status":"closed","ping_status":"open","sticky":false,"template":"","format":"standard","meta":{"footnotes":""},"categories":[56,49],"tags":[],"class_list":["post-15009","post","type-post","status-publish","format-standard","has-post-thumbnail","hentry","category-destacadas","category-nacionales"],"_links":{"self":[{"href":"https:\/\/entretormentas.com\/index.php?rest_route=\/wp\/v2\/posts\/15009","targetHints":{"allow":["GET"]}}],"collection":[{"href":"https:\/\/entretormentas.com\/index.php?rest_route=\/wp\/v2\/posts"}],"about":[{"href":"https:\/\/entretormentas.com\/index.php?rest_route=\/wp\/v2\/types\/post"}],"author":[{"embeddable":true,"href":"https:\/\/entretormentas.com\/index.php?rest_route=\/wp\/v2\/users\/2"}],"replies":[{"embeddable":true,"href":"https:\/\/entretormentas.com\/index.php?rest_route=%2Fwp%2Fv2%2Fcomments&post=15009"}],"version-history":[{"count":1,"href":"https:\/\/entretormentas.com\/index.php?rest_route=\/wp\/v2\/posts\/15009\/revisions"}],"predecessor-version":[{"id":15012,"href":"https:\/\/entretormentas.com\/index.php?rest_route=\/wp\/v2\/posts\/15009\/revisions\/15012"}],"wp:featuredmedia":[{"embeddable":true,"href":"https:\/\/entretormentas.com\/index.php?rest_route=\/wp\/v2\/media\/15010"}],"wp:attachment":[{"href":"https:\/\/entretormentas.com\/index.php?rest_route=%2Fwp%2Fv2%2Fmedia&parent=15009"}],"wp:term":[{"taxonomy":"category","embeddable":true,"href":"https:\/\/entretormentas.com\/index.php?rest_route=%2Fwp%2Fv2%2Fcategories&post=15009"},{"taxonomy":"post_tag","embeddable":true,"href":"https:\/\/entretormentas.com\/index.php?rest_route=%2Fwp%2Fv2%2Ftags&post=15009"}],"curies":[{"name":"wp","href":"https:\/\/api.w.org\/{rel}","templated":true}]}}