{"id":15017,"date":"2025-04-03T10:28:39","date_gmt":"2025-04-03T08:28:39","guid":{"rendered":"https:\/\/entretormentas.com\/?p=15017"},"modified":"2025-04-03T10:28:40","modified_gmt":"2025-04-03T08:28:40","slug":"de-forma-inmediata-trump-declara-la-guerra-arancelaria-a-todos-los-paises","status":"publish","type":"post","link":"https:\/\/entretormentas.com\/de-forma-inmediata-trump-declara-la-guerra-arancelaria-a-todos-los-paises\/","title":{"rendered":"\u00a1DE FORMA INMEDIATA! Trump declara la guerra arancelaria a \u00abtodos los pa\u00edses\u00bb"},"content":{"rendered":"\n<p><strong>ENTRE TORMENTAS. <\/strong>EE.UU. introdujo este 2 de abril aranceles rec\u00edprocos que, seg\u00fan anunci\u00f3 el presidente Donald Trump, afectar\u00e1n a \u00abtodos los pa\u00edses\u00bb. Las barreras aduaneras entran en vigor de forma inmediata.<\/p>\n\n\n\n<p>\u00abEs uno de los d\u00edas m\u00e1s importantes en la historia de EE.UU. Es una declaraci\u00f3n de independencia ante el resto del mundo. Es el momento de nuestra prosperidad, de reducir impuestos en el pa\u00eds y volver a hacer grande EE.UU.\u00bb, declar\u00f3 el mandatario en un discurso desde la Casa Blanca.<\/p>\n\n\n\n<p>\u00abDurante d\u00e9cadas nuestro pa\u00eds ha sido saqueado, nos han robado nuestros empleos y nuestras f\u00e1bricas. Hoy volvemos al sue\u00f1o americano\u00bb, continu\u00f3.<\/p>\n\n\n\n<p><strong>\u00bfA QUIENES VAN DIRIGIDOS LOS ARANCELES?<\/strong><br>En detalle, el l\u00edder estadounidense anunci\u00f3 aranceles de al menos el 10% sobre pr\u00e1cticamente todos los bienes que ingresan al pa\u00eds, adem\u00e1s de tasas a\u00fan m\u00e1s altas para docenas de pa\u00edses que tienen los mayores d\u00e9ficits comerciales con Estados Unidos.<\/p>\n\n\n\n<p>Adem\u00e1s, se impondr\u00e1 un arancel del 25% a todos los autom\u00f3viles fabricados en el extranjero a partir de la medianoche para abordar los \u00abhorrendos desequilibrios\u00bb que han afectado la \u00abbase industrial\u00bb estadounidense y han puesto en riesgo la seguridad nacional.<\/p>\n\n\n\n<p>Trump defendi\u00f3 sus medidas, manifestando que \u00abdurante a\u00f1os los ciudadanos estadounidenses trabajadores se vieron obligados a mantenerse al margen mientras otras naciones se enriquec\u00edan y se volv\u00edan poderosas\u00bb. \u00abPero ahora nos toca prosperar\u00bb, remarc\u00f3.<\/p>\n\n\n\n<p>\u00abNinguna de nuestras empresas tiene permitido entrar en otros pa\u00edses. Y digo que, en t\u00e9rminos comerciales, se trata de amigos y enemigos, y en muchos casos, el amigo es peor que el enemigo\u00bb, expres\u00f3.<\/p>\n\n\n\n<figure class=\"wp-block-image size-large\"><img fetchpriority=\"high\" decoding=\"async\" width=\"1024\" height=\"582\" src=\"https:\/\/entretormentas.com\/wp-content\/uploads\/2025\/04\/image-63-1024x582.png\" alt=\"\" class=\"wp-image-15019\" srcset=\"https:\/\/entretormentas.com\/wp-content\/uploads\/2025\/04\/image-63-1024x582.png 1024w, https:\/\/entretormentas.com\/wp-content\/uploads\/2025\/04\/image-63-300x171.png 300w, https:\/\/entretormentas.com\/wp-content\/uploads\/2025\/04\/image-63-768x437.png 768w, https:\/\/entretormentas.com\/wp-content\/uploads\/2025\/04\/image-63.png 1280w\" sizes=\"(max-width: 1024px) 100vw, 1024px\" \/><\/figure>\n\n\n\n<p><strong>EL D\u00cdA DE LA LIBERACI\u00d3N<\/strong><br>En v\u00edsperas del esperado discurso, el l\u00edder republicano adelant\u00f3 que hab\u00eda llegado el \u00abd\u00eda de la liberaci\u00f3n en EE.UU.\u00bb.<\/p>\n\n\n\n<p>A principios de marzo, Trump adelant\u00f3 un r\u00e9gimen global de aranceles rec\u00edprocos para sus socios comerciales. En v\u00edsperas del anuncio, el inquilino de la Casa Blanca prometi\u00f3 que ser\u00e1 \u2018D\u00eda de la Liberaci\u00f3n\u2019 para su pa\u00eds.<\/p>\n\n\n\n<p>La portavoz de la Casa Blanca, Karoline Leavitt, dijo este lunes que el plan arancelario de Trump debe \u00abrevocar las pr\u00e1cticas comerciales injustas que llevan d\u00e9cadas estafando a nuestro pa\u00eds\u00bb. \u00abEs hora de la reciprocidad y es hora de que un presidente tome un cambio hist\u00f3rico para hacer lo que es correcto para el pueblo estadounidense\u00bb, dijo.<\/p>\n\n\n\n<p>Al anunciar las medidas planeadas, desde Washington indicaron que prev\u00e9n aranceles para la industria farmac\u00e9utica, a todos los veh\u00edculos que sean fabricados fuera del pa\u00eds norteamericano y a las naciones que compren petr\u00f3leo o gas venezolano, entre otros \u00e1mbitos afectados.<\/p>\n\n\n\n<p><strong>Otros prometen responder<\/strong><br>Ante la amenaza de nuevas barreras aduaneras, varios pa\u00edses ya se han manifestado dispuestos a responder. As\u00ed, el canciller de Alemania, Olaf Scholz, prometi\u00f3 que la Uni\u00f3n Europea (UE) dar\u00e1 una respuesta unida si Estados Unidos no le deja opciones con la imposici\u00f3n de aranceles al acero y aluminio. \u00abNo estamos indefensos ante estos acontecimientos\u00bb, subray\u00f3.<\/p>\n\n\n\n<p>La presidenta de M\u00e9xico, Claudia Sheinbaum, anunci\u00f3 que su pa\u00eds dar\u00e1 el 3 de abril \u00abuna respuesta integral\u00bb a las medidas.<\/p>\n\n\n\n<p>A su vez, el Gobierno de Venezuela rechaz\u00f3 \u00abde manera firme y categ\u00f3rica\u00bb los aranceles contra su petr\u00f3leo y calific\u00f3 la medida de \u00abarbitraria, ilegal y desesperada\u00bb. Mientras, China manifest\u00f3 que \u00abse opone firmemente\u00bb al paso de Washington e inst\u00f3 a las autoridades estadounidenses \u00abque dejen de interferir en los asuntos internos de Venezuela\u00bb.<br><strong><em>ET \/ Actualidad RT<\/em><\/strong><\/p>\n\n\n\n<p><\/p>\n","protected":false},"excerpt":{"rendered":"<p>ENTRE TORMENTAS. EE.UU. introdujo este 2 de abril aranceles rec\u00edprocos que, seg\u00fan anunci\u00f3 el presidente&#8230;<\/p>\n","protected":false},"author":2,"featured_media":15018,"comment_status":"closed","ping_status":"open","sticky":false,"template":"","format":"standard","meta":{"footnotes":""},"categories":[56,48],"tags":[],"class_list":["post-15017","post","type-post","status-publish","format-standard","has-post-thumbnail","hentry","category-destacadas","category-internacionales"],"_links":{"self":[{"href":"https:\/\/entretormentas.com\/index.php?rest_route=\/wp\/v2\/posts\/15017","targetHints":{"allow":["GET"]}}],"collection":[{"href":"https:\/\/entretormentas.com\/index.php?rest_route=\/wp\/v2\/posts"}],"about":[{"href":"https:\/\/entretormentas.com\/index.php?rest_route=\/wp\/v2\/types\/post"}],"author":[{"embeddable":true,"href":"https:\/\/entretormentas.com\/index.php?rest_route=\/wp\/v2\/users\/2"}],"replies":[{"embeddable":true,"href":"https:\/\/entretormentas.com\/index.php?rest_route=%2Fwp%2Fv2%2Fcomments&post=15017"}],"version-history":[{"count":1,"href":"https:\/\/entretormentas.com\/index.php?rest_route=\/wp\/v2\/posts\/15017\/revisions"}],"predecessor-version":[{"id":15020,"href":"https:\/\/entretormentas.com\/index.php?rest_route=\/wp\/v2\/posts\/15017\/revisions\/15020"}],"wp:featuredmedia":[{"embeddable":true,"href":"https:\/\/entretormentas.com\/index.php?rest_route=\/wp\/v2\/media\/15018"}],"wp:attachment":[{"href":"https:\/\/entretormentas.com\/index.php?rest_route=%2Fwp%2Fv2%2Fmedia&parent=15017"}],"wp:term":[{"taxonomy":"category","embeddable":true,"href":"https:\/\/entretormentas.com\/index.php?rest_route=%2Fwp%2Fv2%2Fcategories&post=15017"},{"taxonomy":"post_tag","embeddable":true,"href":"https:\/\/entretormentas.com\/index.php?rest_route=%2Fwp%2Fv2%2Ftags&post=15017"}],"curies":[{"name":"wp","href":"https:\/\/api.w.org\/{rel}","templated":true}]}}