{"id":15021,"date":"2025-04-03T10:39:04","date_gmt":"2025-04-03T08:39:04","guid":{"rendered":"https:\/\/entretormentas.com\/?p=15021"},"modified":"2025-04-03T10:39:05","modified_gmt":"2025-04-03T08:39:05","slug":"nueva-opcion-opositora-red-decide-propone-estrategia-consensuada-para-enfrentar-la-crisis-del-pais","status":"publish","type":"post","link":"https:\/\/entretormentas.com\/nueva-opcion-opositora-red-decide-propone-estrategia-consensuada-para-enfrentar-la-crisis-del-pais\/","title":{"rendered":"\u00a1NUEVA OPCI\u00d3N OPOSITORA! Red Decide propone \u00abestrategia consensuada\u00bb para enfrentar la crisis del pa\u00eds"},"content":{"rendered":"\n<p><strong>ENTRE TORMENTAS.<\/strong> \u00abEs de verdad l\u00f3gico permitir que un r\u00e9gimen minoritario gane por forfeit todos los mecanismos de poder institucional, o definir si combatimos como amenaza o asumimos como desaf\u00edo el tema de la reforma constitucional\u00bb.<\/p>\n\n\n\n<p>Estas son unas de las ideas ideas planteadas por la naciente Red Decide en su manifiesto de presentaci\u00f3n ante la sociedad venezolana, que se produjo este mi\u00e9rcoles 2 de abril de 2025 en la sede de la asociaci\u00f3n de profesores de la Universidad Central de Venezuela (APUCV), a la que asistieron diversas personalidades de la pol\u00edtica, el activismos social y l\u00edderes sindicales.<\/p>\n\n\n\n<p>Al cierre del acto Jes\u00fas \u00abCh\u00fao\u00bb Torrealba ley\u00f3 el manifiesto de presentaci\u00f3n en el que se se\u00f1ala que \u00abtras m\u00e1s de ocho meses del 28 de julio y enfrentados hoy a estos nuevos retos, es evidente que la lucha de la mayor\u00eda democr\u00e1tica venezolana requiere ahora de una estrategia consensuada, una direcci\u00f3n colectiva y una vocer\u00eda plural. No es lo mismo liderar una campa\u00f1a electoral que organizar una resistencia democr\u00e1tica\u00bb.<\/p>\n\n\n\n<p>\u00abA esa dura tarea queremos contribuir los dirigentes pol\u00edticos y los activistas sociales que aqu\u00ed nos encontramos coincidiendo en la RED Decide. Esa es nuestra palabra, ese es nuestro mensaje y esa es la invitaci\u00f3n\u00bb, se\u00f1ala el manifiesto le\u00eddo por Torrealba.<\/p>\n\n\n\n<p>Asimismo expresa el documento: \u00abDefendemos la forma republicana de gobierno como conjunto de poderes independientes y aut\u00f3nomos que se controlan mutuamente en beneficio del ciudadano y en la cultura democr\u00e1tica que se va en el respeto, la tolerancia y la aceptaci\u00f3n y promoci\u00f3n de la diversidad\u00bb.<\/p>\n\n\n\n<figure class=\"wp-block-image size-large\"><img fetchpriority=\"high\" decoding=\"async\" width=\"1024\" height=\"473\" src=\"https:\/\/entretormentas.com\/wp-content\/uploads\/2025\/04\/image-65-1024x473.png\" alt=\"\" class=\"wp-image-15023\" srcset=\"https:\/\/entretormentas.com\/wp-content\/uploads\/2025\/04\/image-65-1024x473.png 1024w, https:\/\/entretormentas.com\/wp-content\/uploads\/2025\/04\/image-65-300x139.png 300w, https:\/\/entretormentas.com\/wp-content\/uploads\/2025\/04\/image-65-768x355.png 768w, https:\/\/entretormentas.com\/wp-content\/uploads\/2025\/04\/image-65.png 1280w\" sizes=\"(max-width: 1024px) 100vw, 1024px\" \/><\/figure>\n\n\n\n<p>\u00abQueremos democracia y libertad para Venezuela, queremos reivindicar la inmensa mayor\u00eda que se produjo por un cambio democr\u00e1tico el pasado 28 de julio y queremos defender aqu\u00ed y ahora los derechos de los venezolanos, agredidos por un r\u00e9gimen cuyas pol\u00edticas le niegan al ciudadano sus derechos econ\u00f3micos y sociales, como el derecho a pensiones dignas, a disfrutar de sistemas de salud y educaci\u00f3n p\u00fablicas eficientes, a tener acceso a servicios b\u00e1sicos como agua potable y energ\u00eda el\u00e9ctrica y cuando la gente protesta por la violaci\u00f3n de sus derechos econ\u00f3micos y sociales, entonces el r\u00e9gimen les f\u00eda tambi\u00e9n sus derechos civiles y pol\u00edticos, el derecho a la protesta, a la manifestaci\u00f3n pac\u00edfica, a la libertad de expresi\u00f3n a la organizaci\u00f3n aut\u00f3noma\u00bb, indic\u00f3 Ch\u00fao Torrealba al leer el dcumento.<\/p>\n\n\n\n<p>En el acto tomaron la palabra varios dirigentes pol\u00edticos, l\u00edderes sindicales, activiasta sociales y defensores de los derechos humanos como forma de sumarse a esta iniciativa y saludarla. La idea de estimular la participaci\u00f3n fue el eje central de las intervenciones de que se dieron.<\/p>\n\n\n\n<p>Este planteamiento se articula con lo se\u00f1alado en el documento le\u00eddo por Torrealba en que se se\u00f1ala que la movilizaci\u00f3n es un elemento fundamental para defender los derechos de los venezolanos en esta coyuntura.<\/p>\n\n\n\n<p>Se se\u00f1al\u00f3 la importancia de \u00abla movilizaci\u00f3n, porque la defensa de derechos no es una angustia particular, sino un reto colectivo y el voto, porque este es en fin de cuentas, la fuente y el origen de toda legitimidad. No es casual, por cierto, que la autocracia gobernante quiera hacerle ahora al voto lo que ya le ha hecho antes durante un cuarto de siglo a la educaci\u00f3n popular, a la organizaci\u00f3n aut\u00f3noma del ciudadano y al derecho a la movilizaci\u00f3n\u00bb.<\/p>\n\n\n\n<p>Otro de los centros de atenci\u00f3n del acto que fue conducido por Vladimir Villegas y Mibelis Acevedo fue tema de los presos pol\u00edticos y le dieron la palabra a Vanessa Linares, esposa del alcalde de Maracaibo Rafael Ram\u00edrez, quien se\u00f1al\u00f3 que no ve otra forma de pelear por los derechos \u00abde los que injustamente est\u00e1n presos, que la participaci\u00f3n y el voto, como herramienta de lucha\u00bb.<\/p>\n\n\n\n<p>De esta forma Red Decide firma su acta de nacimiento y propone como un espacio de plural \u00abdonde caben todas ideolog\u00edas\u00bb y sus integrantes afirman que se enfocan en darle respuestas \u00aba la gente\u00bb a sus problemas y \u00aba la posibilidad de encontrar un pa\u00eds donde nuevamente todos nos reconozcamos\u00bb.<br><strong><em>ET \/ Contrapunto<\/em><\/strong><\/p>\n\n\n\n<p><\/p>\n","protected":false},"excerpt":{"rendered":"<p>ENTRE TORMENTAS. \u00abEs de verdad l\u00f3gico permitir que un r\u00e9gimen minoritario gane por forfeit todos&#8230;<\/p>\n","protected":false},"author":2,"featured_media":15022,"comment_status":"closed","ping_status":"open","sticky":false,"template":"","format":"standard","meta":{"footnotes":""},"categories":[56,49],"tags":[],"class_list":["post-15021","post","type-post","status-publish","format-standard","has-post-thumbnail","hentry","category-destacadas","category-nacionales"],"_links":{"self":[{"href":"https:\/\/entretormentas.com\/index.php?rest_route=\/wp\/v2\/posts\/15021","targetHints":{"allow":["GET"]}}],"collection":[{"href":"https:\/\/entretormentas.com\/index.php?rest_route=\/wp\/v2\/posts"}],"about":[{"href":"https:\/\/entretormentas.com\/index.php?rest_route=\/wp\/v2\/types\/post"}],"author":[{"embeddable":true,"href":"https:\/\/entretormentas.com\/index.php?rest_route=\/wp\/v2\/users\/2"}],"replies":[{"embeddable":true,"href":"https:\/\/entretormentas.com\/index.php?rest_route=%2Fwp%2Fv2%2Fcomments&post=15021"}],"version-history":[{"count":1,"href":"https:\/\/entretormentas.com\/index.php?rest_route=\/wp\/v2\/posts\/15021\/revisions"}],"predecessor-version":[{"id":15024,"href":"https:\/\/entretormentas.com\/index.php?rest_route=\/wp\/v2\/posts\/15021\/revisions\/15024"}],"wp:featuredmedia":[{"embeddable":true,"href":"https:\/\/entretormentas.com\/index.php?rest_route=\/wp\/v2\/media\/15022"}],"wp:attachment":[{"href":"https:\/\/entretormentas.com\/index.php?rest_route=%2Fwp%2Fv2%2Fmedia&parent=15021"}],"wp:term":[{"taxonomy":"category","embeddable":true,"href":"https:\/\/entretormentas.com\/index.php?rest_route=%2Fwp%2Fv2%2Fcategories&post=15021"},{"taxonomy":"post_tag","embeddable":true,"href":"https:\/\/entretormentas.com\/index.php?rest_route=%2Fwp%2Fv2%2Ftags&post=15021"}],"curies":[{"name":"wp","href":"https:\/\/api.w.org\/{rel}","templated":true}]}}