{"id":15026,"date":"2025-04-04T10:14:41","date_gmt":"2025-04-04T08:14:41","guid":{"rendered":"https:\/\/entretormentas.com\/?p=15026"},"modified":"2025-04-04T10:14:42","modified_gmt":"2025-04-04T08:14:42","slug":"moviendo-mentes-y-cuerpos-el-festival-de-psicomotricidad-en-educacion-inicial-empieza-este-viernes-4-de-marzo","status":"publish","type":"post","link":"https:\/\/entretormentas.com\/moviendo-mentes-y-cuerpos-el-festival-de-psicomotricidad-en-educacion-inicial-empieza-este-viernes-4-de-marzo\/","title":{"rendered":"\u00a1MOVIENDO MENTES Y CUERPOS! El Festival de Psicomotricidad en Educaci\u00f3n Inicial empieza este viernes 4 de marzo"},"content":{"rendered":"\n<p><strong>ENTRE TORMENTAS. \u200e<\/strong>La comunidad educativa se complace en invitar a todos los ni\u00f1os, padres y educadores al Festival de Psicomotricidad de Educaci\u00f3n Inicial, que se llevar\u00e1 a cabo este viernes 4 de abril, desde las 9:00 a.m. hasta las 12:00 p.m., en el Parque Rafael Urdaneta.<br>\u200eEste evento tiene como objetivo promover el desarrollo integral de los ni\u00f1os a trav\u00e9s de actividades l\u00fadicas que estimulan la psicomotricidad, fomentando as\u00ed su crecimiento f\u00edsico, emocional y social. Durante el festival, los asistentes podr\u00e1n disfrutar de una variedad de juegos, talleres y din\u00e1micas que favorecer\u00e1n la interacci\u00f3n y el aprendizaje en un ambiente divertido y seguro.<br>\u200e<br>\u200eEl Gobernador Manuel Rosales Guerrero y La Secretaria de Educaci\u00f3n invitan a todas las familias a participar en esta jornada llena de alegr\u00eda y aprendizaje. La entrada es gratuita y est\u00e1 abierta a todos los interesados en la educaci\u00f3n inicial y el desarrollo infantil.<br>\u200e<br>\u200e\u00a1No te pierdas esta oportunidad de compartir y aprender en un entorno saludable y recreativo!<br><strong><em>ET \/ Nota de Prensa<\/em><\/strong><\/p>\n\n\n\n<p><\/p>\n","protected":false},"excerpt":{"rendered":"<p>ENTRE TORMENTAS. \u200eLa comunidad educativa se complace en invitar a todos los ni\u00f1os, padres y&#8230;<\/p>\n","protected":false},"author":2,"featured_media":15027,"comment_status":"closed","ping_status":"open","sticky":false,"template":"","format":"standard","meta":{"footnotes":""},"categories":[57,1],"tags":[],"class_list":["post-15026","post","type-post","status-publish","format-standard","has-post-thumbnail","hentry","category-actualidad","category-regionales"],"_links":{"self":[{"href":"https:\/\/entretormentas.com\/index.php?rest_route=\/wp\/v2\/posts\/15026","targetHints":{"allow":["GET"]}}],"collection":[{"href":"https:\/\/entretormentas.com\/index.php?rest_route=\/wp\/v2\/posts"}],"about":[{"href":"https:\/\/entretormentas.com\/index.php?rest_route=\/wp\/v2\/types\/post"}],"author":[{"embeddable":true,"href":"https:\/\/entretormentas.com\/index.php?rest_route=\/wp\/v2\/users\/2"}],"replies":[{"embeddable":true,"href":"https:\/\/entretormentas.com\/index.php?rest_route=%2Fwp%2Fv2%2Fcomments&post=15026"}],"version-history":[{"count":1,"href":"https:\/\/entretormentas.com\/index.php?rest_route=\/wp\/v2\/posts\/15026\/revisions"}],"predecessor-version":[{"id":15028,"href":"https:\/\/entretormentas.com\/index.php?rest_route=\/wp\/v2\/posts\/15026\/revisions\/15028"}],"wp:featuredmedia":[{"embeddable":true,"href":"https:\/\/entretormentas.com\/index.php?rest_route=\/wp\/v2\/media\/15027"}],"wp:attachment":[{"href":"https:\/\/entretormentas.com\/index.php?rest_route=%2Fwp%2Fv2%2Fmedia&parent=15026"}],"wp:term":[{"taxonomy":"category","embeddable":true,"href":"https:\/\/entretormentas.com\/index.php?rest_route=%2Fwp%2Fv2%2Fcategories&post=15026"},{"taxonomy":"post_tag","embeddable":true,"href":"https:\/\/entretormentas.com\/index.php?rest_route=%2Fwp%2Fv2%2Ftags&post=15026"}],"curies":[{"name":"wp","href":"https:\/\/api.w.org\/{rel}","templated":true}]}}