{"id":15033,"date":"2025-04-04T10:20:23","date_gmt":"2025-04-04T08:20:23","guid":{"rendered":"https:\/\/entretormentas.com\/?p=15033"},"modified":"2025-04-04T10:20:23","modified_gmt":"2025-04-04T08:20:23","slug":"cumpliendo-san-francisco-impulsa-la-recuperacion-de-sus-vias-con-operativo-especial-en-la-charrasca","status":"publish","type":"post","link":"https:\/\/entretormentas.com\/cumpliendo-san-francisco-impulsa-la-recuperacion-de-sus-vias-con-operativo-especial-en-la-charrasca\/","title":{"rendered":"\u00a1CUMPLIENDO! San Francisco impulsa la recuperaci\u00f3n de sus v\u00edas con operativo especial en La Charrasca"},"content":{"rendered":"\n<p><strong>ENTRE TORMENTAS. <\/strong>La Alcald\u00eda del municipio San Francisco, encabezada por el alcalde Gustavo Fern\u00e1ndez, contin\u00faa su labor de recuperaci\u00f3n y mantenimiento de las principales v\u00edas del municipio. En esta ocasi\u00f3n, se llev\u00f3 a cabo un operativo especial en La Charrasca, con el objetivo de sanear y preparar esta importante arteria vial para su posterior demarcaci\u00f3n.<\/p>\n\n\n\n<p>Este corredor, que permaneci\u00f3 descuidado durante a\u00f1os, ha sido transformado gracias a los esfuerzos de la gesti\u00f3n municipal, beneficiando directamente a los habitantes de la parroquia Jos\u00e9 Domingo Rus. Durante la jornada, participaron Carlos Calles, presidente del Instituto P\u00fablico Municipal de Ambiente y Aseo Urbano (Imasur); Javier Solano, director de Aseo Urbano y Domiciliario; y Jos\u00e9 Hern\u00e1ndez, vicepresidente del Imasur. La comunidad estuvo representada por l\u00edderes como Osman Ram\u00f3n Cardozo, secretario parroquial, y Mary Gonz\u00e1lez, quienes trabajaron junto a m\u00e1s de 150 colaboradores comprometidos con el desarrollo del municipio.<\/p>\n\n\n\n<figure class=\"wp-block-image size-large\"><img fetchpriority=\"high\" decoding=\"async\" width=\"1024\" height=\"768\" src=\"https:\/\/entretormentas.com\/wp-content\/uploads\/2025\/04\/image-70-1024x768.png\" alt=\"\" class=\"wp-image-15035\" srcset=\"https:\/\/entretormentas.com\/wp-content\/uploads\/2025\/04\/image-70-1024x768.png 1024w, https:\/\/entretormentas.com\/wp-content\/uploads\/2025\/04\/image-70-300x225.png 300w, https:\/\/entretormentas.com\/wp-content\/uploads\/2025\/04\/image-70-768x576.png 768w, https:\/\/entretormentas.com\/wp-content\/uploads\/2025\/04\/image-70.png 1129w\" sizes=\"(max-width: 1024px) 100vw, 1024px\" \/><\/figure>\n\n\n\n<p>La recuperaci\u00f3n de La Charrasca se suma a los recientes trabajos realizados en corredores como la Calle 161, el Don Bosco y la Troncal 6 de la Perij\u00e1. Estas acciones forman parte de un plan integral que busca consolidar un San Francisco m\u00e1s limpio, ordenado y funcional, mejorando la calidad de vida de sus ciudadanos.<\/p>\n\n\n\n<p>El alcalde Fern\u00e1ndez reiter\u00f3 la importancia de la colaboraci\u00f3n ciudadana para mantener el municipio en \u00f3ptimas condiciones: \u00abEstamos trabajando sin descanso para transformar San Francisco, pero necesitamos que todos aporten su granito de arena. Mantener nuestro municipio limpio es una responsabilidad compartida.\u00bb<\/p>\n\n\n\n<p>La Alcald\u00eda de San Francisco reafirma su compromiso con la recuperaci\u00f3n urbana y el bienestar de los sanfranciscanos, a trav\u00e9s de iniciativas que responden a las necesidades y expectativas de sus habitantes.<br><strong><em>ET \/ Alcald\u00eda de San Francisco<\/em><\/strong><\/p>\n","protected":false},"excerpt":{"rendered":"<p>ENTRE TORMENTAS. La Alcald\u00eda del municipio San Francisco, encabezada por el alcalde Gustavo Fern\u00e1ndez, contin\u00faa&#8230;<\/p>\n","protected":false},"author":2,"featured_media":15034,"comment_status":"closed","ping_status":"open","sticky":false,"template":"","format":"standard","meta":{"footnotes":""},"categories":[57,1],"tags":[],"class_list":["post-15033","post","type-post","status-publish","format-standard","has-post-thumbnail","hentry","category-actualidad","category-regionales"],"_links":{"self":[{"href":"https:\/\/entretormentas.com\/index.php?rest_route=\/wp\/v2\/posts\/15033","targetHints":{"allow":["GET"]}}],"collection":[{"href":"https:\/\/entretormentas.com\/index.php?rest_route=\/wp\/v2\/posts"}],"about":[{"href":"https:\/\/entretormentas.com\/index.php?rest_route=\/wp\/v2\/types\/post"}],"author":[{"embeddable":true,"href":"https:\/\/entretormentas.com\/index.php?rest_route=\/wp\/v2\/users\/2"}],"replies":[{"embeddable":true,"href":"https:\/\/entretormentas.com\/index.php?rest_route=%2Fwp%2Fv2%2Fcomments&post=15033"}],"version-history":[{"count":1,"href":"https:\/\/entretormentas.com\/index.php?rest_route=\/wp\/v2\/posts\/15033\/revisions"}],"predecessor-version":[{"id":15036,"href":"https:\/\/entretormentas.com\/index.php?rest_route=\/wp\/v2\/posts\/15033\/revisions\/15036"}],"wp:featuredmedia":[{"embeddable":true,"href":"https:\/\/entretormentas.com\/index.php?rest_route=\/wp\/v2\/media\/15034"}],"wp:attachment":[{"href":"https:\/\/entretormentas.com\/index.php?rest_route=%2Fwp%2Fv2%2Fmedia&parent=15033"}],"wp:term":[{"taxonomy":"category","embeddable":true,"href":"https:\/\/entretormentas.com\/index.php?rest_route=%2Fwp%2Fv2%2Fcategories&post=15033"},{"taxonomy":"post_tag","embeddable":true,"href":"https:\/\/entretormentas.com\/index.php?rest_route=%2Fwp%2Fv2%2Ftags&post=15033"}],"curies":[{"name":"wp","href":"https:\/\/api.w.org\/{rel}","templated":true}]}}