{"id":15037,"date":"2025-04-04T10:22:36","date_gmt":"2025-04-04T08:22:36","guid":{"rendered":"https:\/\/entretormentas.com\/?p=15037"},"modified":"2025-04-04T10:22:37","modified_gmt":"2025-04-04T08:22:37","slug":"comunicado-pj-zulia-asegura-que-adrian-romero-no-los-representa-en-el-marco-ideologico-del-partido","status":"publish","type":"post","link":"https:\/\/entretormentas.com\/comunicado-pj-zulia-asegura-que-adrian-romero-no-los-representa-en-el-marco-ideologico-del-partido\/","title":{"rendered":"\u00a1COMUNICADO! PJ-Zulia asegura que Adri\u00e1n Romero no los representa en el marco ideol\u00f3gico del partido"},"content":{"rendered":"\n<p><strong>ENTRE TORMENTAS. <\/strong>A trav\u00e9s de un comunicado oficial, el partido Primero Justicia Zulia declar\u00f3 este jueves 3 de marzo, que Adri\u00e1n Romero, actual alcalde encargado de Maracaibo, \u201cnunca fungi\u00f3 como dirigente o l\u00edder\u201d de PJ. En su lugar, lo definen como un \u201csimpatizante o colaborador\u201d.<\/p>\n\n\n\n<p>En el texto compartido a trav\u00e9s de las redes sociales se\u00f1alan que Romero ocupa el cargo de alcalde encargado debido a un \u201ccriterio circunstancial\u201d, ya que es el \u00fanico director general de la municipalidad que no enfrenta persecuci\u00f3n judicial.<\/p>\n\n\n\n<p><strong>RECONOCEN A RAFAEL RAM\u00cdREZ<\/strong><br>En el mismo comunicado, se hace \u00e9nfasis en las cualidades del alcalde Rafael Ram\u00edrez, a quien se le atribuye \u201chonestidad, entrega y compromiso en la b\u00fasqueda de soluciones para Maracaibo y los marabinos\u201d.<\/p>\n\n\n\n<p>La tolda amarilla denunci\u00f3 que bajo la administraci\u00f3n de Romero se implementaron pr\u00e1cticas similares al \u201csectarismo, autoritarismo y mecanismo de persecuci\u00f3n\u201d utilizados por el Gobierno actual. Aseguran que esa gesti\u00f3n desat\u00f3 una ola de despidos y remociones contra funcionarios que poseen \u00abvalores morales y un sentido profundo de pertenencia\u00bb.<\/p>\n\n\n\n<p>Subrayan que Romero no representa los valores y principios centro humanistas que caracterizan a sus militantes. Por lo tanto, se concluye que no puede ser considerado un justiciero dentro del marco ideol\u00f3gico del partido.<\/p>\n\n\n\n<p>Romero viene reiterando en varias oportunidades que est\u00e1 a favor de la participaci\u00f3n en las elecciones de gobernadores y diputados previstas para el 25 de mayo.<br><strong><em>ET \/ Foco Informativo<\/em><\/strong><\/p>\n\n\n\n<p><\/p>\n","protected":false},"excerpt":{"rendered":"<p>ENTRE TORMENTAS. A trav\u00e9s de un comunicado oficial, el partido Primero Justicia Zulia declar\u00f3 este&#8230;<\/p>\n","protected":false},"author":2,"featured_media":15038,"comment_status":"closed","ping_status":"open","sticky":false,"template":"","format":"standard","meta":{"footnotes":""},"categories":[57,1],"tags":[],"class_list":["post-15037","post","type-post","status-publish","format-standard","has-post-thumbnail","hentry","category-actualidad","category-regionales"],"_links":{"self":[{"href":"https:\/\/entretormentas.com\/index.php?rest_route=\/wp\/v2\/posts\/15037","targetHints":{"allow":["GET"]}}],"collection":[{"href":"https:\/\/entretormentas.com\/index.php?rest_route=\/wp\/v2\/posts"}],"about":[{"href":"https:\/\/entretormentas.com\/index.php?rest_route=\/wp\/v2\/types\/post"}],"author":[{"embeddable":true,"href":"https:\/\/entretormentas.com\/index.php?rest_route=\/wp\/v2\/users\/2"}],"replies":[{"embeddable":true,"href":"https:\/\/entretormentas.com\/index.php?rest_route=%2Fwp%2Fv2%2Fcomments&post=15037"}],"version-history":[{"count":1,"href":"https:\/\/entretormentas.com\/index.php?rest_route=\/wp\/v2\/posts\/15037\/revisions"}],"predecessor-version":[{"id":15039,"href":"https:\/\/entretormentas.com\/index.php?rest_route=\/wp\/v2\/posts\/15037\/revisions\/15039"}],"wp:featuredmedia":[{"embeddable":true,"href":"https:\/\/entretormentas.com\/index.php?rest_route=\/wp\/v2\/media\/15038"}],"wp:attachment":[{"href":"https:\/\/entretormentas.com\/index.php?rest_route=%2Fwp%2Fv2%2Fmedia&parent=15037"}],"wp:term":[{"taxonomy":"category","embeddable":true,"href":"https:\/\/entretormentas.com\/index.php?rest_route=%2Fwp%2Fv2%2Fcategories&post=15037"},{"taxonomy":"post_tag","embeddable":true,"href":"https:\/\/entretormentas.com\/index.php?rest_route=%2Fwp%2Fv2%2Ftags&post=15037"}],"curies":[{"name":"wp","href":"https:\/\/api.w.org\/{rel}","templated":true}]}}