{"id":15069,"date":"2025-04-04T17:47:51","date_gmt":"2025-04-04T15:47:51","guid":{"rendered":"https:\/\/entretormentas.com\/?p=15069"},"modified":"2025-04-04T17:47:51","modified_gmt":"2025-04-04T15:47:51","slug":"celebrando-su-70-aniversario-colegio-nuestra-senora-de-guadalupe-reconoce-a-glorias-basquetbolistas-ex-alumnos-de-la-institucion","status":"publish","type":"post","link":"https:\/\/entretormentas.com\/celebrando-su-70-aniversario-colegio-nuestra-senora-de-guadalupe-reconoce-a-glorias-basquetbolistas-ex-alumnos-de-la-institucion\/","title":{"rendered":"\u00a1CELEBRANDO SU 70 ANIVERSARIO! Colegio Nuestra Se\u00f1ora de Guadalupe reconoce a glorias basquetbolistas ex alumnos de la instituci\u00f3n"},"content":{"rendered":"\n<p><strong>ENTRE TORMENTAS. <\/strong>La directiva, personal docente y alumnos del Colegio Privado Nuestra Se\u00f1ora de Guadalupe rindi\u00f3 un sencillo, pero emotivo homenaje a destacados basquetbolistas ex-alumnos de esa prestigiosa instituci\u00f3n.<\/p>\n\n\n\n<p>Los destacados jugadores David Cubill\u00e1n y Carlos Quintero; adem\u00e1s del destacado director t\u00e9cnico de Trotamundos de Carabobo, N\u00e9stor \u00abMama Osa\u00bb Salazar, fueron los protagonistas de este merecido homenaje.<\/p>\n\n\n\n<p>El licenciado, Jorge Bracho Moreno, director del Colegio Privado Nuestra Se\u00f1ora de Guadalupe, recalc\u00f3 que esta actividad forma parte del programa de actividades conmemorativas del 70 aniversario de la fundaci\u00f3n de dicho centro educativo.<\/p>\n\n\n\n<p>El acto se llev\u00f3 a cabo en la cancha de usos m\u00faltiples del Colegio Nuestra Se\u00f1ora de Guadalupe, d\u00f3nde dos j\u00f3venes deportistas de la instituci\u00f3n leyeron una peque\u00f1a biograf\u00eda de los homenajeados para posteriormente condecorarlos con un bot\u00f3n de la instituci\u00f3n.<\/p>\n\n\n\n<figure class=\"wp-block-image size-full\"><img fetchpriority=\"high\" decoding=\"async\" width=\"720\" height=\"626\" src=\"https:\/\/entretormentas.com\/wp-content\/uploads\/2025\/04\/image-85.png\" alt=\"\" class=\"wp-image-15070\" srcset=\"https:\/\/entretormentas.com\/wp-content\/uploads\/2025\/04\/image-85.png 720w, https:\/\/entretormentas.com\/wp-content\/uploads\/2025\/04\/image-85-300x261.png 300w\" sizes=\"(max-width: 720px) 100vw, 720px\" \/><\/figure>\n\n\n\n<p>Los homenajeados expresaron su agradecimiento, siendo el primero de ellos el profesor N\u00e9stor Salazar, con dilatada trayectoria en el baloncesto amateur dijo sentirse muy agradecido por haber sido tomado en cuenta para este homenaje. \u00abAs\u00ed es que se deben realizar los homenajes, en vida\u00bb.<\/p>\n\n\n\n<p>Por su parte, Carlos Quintero coment\u00f3 sentirse feliz de estar en las instalaciones de su colegio y de recibir este homenaje despu\u00e9s de tantos a\u00f1os.<\/p>\n\n\n\n<p>Finalmente, David Cubill\u00e1n, actual jugador del equipo Trotamundos de Carabobo y miembro de la selecci\u00f3n de mayores de Venezuela, no pudo evitar emocionarse y con la voz entrecortada y l\u00e1grimas en sus ojos manifest\u00f3 su emoci\u00f3n y satisfacci\u00f3n de estar nuevamente en el colegio donde dio sus primeros pasos como deportista.<\/p>\n\n\n\n<p>\u00abMe siento feliz de regresar a mi instituci\u00f3n, donde te preparan para hacer una mejor persona, el colegio Guadalupe siempre ha dado buenos deportistas y es un verdadero placer y orgullo estar nuevamente aqu\u00ed, donde est\u00e1n mis ra\u00edces y recibir este reconocimiento\u00bb, expres\u00f3 Cubill\u00e1n.<br><strong><em>ET \/ Gabriel Sthormes<\/em><\/strong><\/p>\n","protected":false},"excerpt":{"rendered":"<p>ENTRE TORMENTAS. La directiva, personal docente y alumnos del Colegio Privado Nuestra Se\u00f1ora de Guadalupe&#8230;<\/p>\n","protected":false},"author":2,"featured_media":15071,"comment_status":"closed","ping_status":"open","sticky":false,"template":"","format":"standard","meta":{"footnotes":""},"categories":[57,1],"tags":[],"class_list":["post-15069","post","type-post","status-publish","format-standard","has-post-thumbnail","hentry","category-actualidad","category-regionales"],"_links":{"self":[{"href":"https:\/\/entretormentas.com\/index.php?rest_route=\/wp\/v2\/posts\/15069","targetHints":{"allow":["GET"]}}],"collection":[{"href":"https:\/\/entretormentas.com\/index.php?rest_route=\/wp\/v2\/posts"}],"about":[{"href":"https:\/\/entretormentas.com\/index.php?rest_route=\/wp\/v2\/types\/post"}],"author":[{"embeddable":true,"href":"https:\/\/entretormentas.com\/index.php?rest_route=\/wp\/v2\/users\/2"}],"replies":[{"embeddable":true,"href":"https:\/\/entretormentas.com\/index.php?rest_route=%2Fwp%2Fv2%2Fcomments&post=15069"}],"version-history":[{"count":1,"href":"https:\/\/entretormentas.com\/index.php?rest_route=\/wp\/v2\/posts\/15069\/revisions"}],"predecessor-version":[{"id":15072,"href":"https:\/\/entretormentas.com\/index.php?rest_route=\/wp\/v2\/posts\/15069\/revisions\/15072"}],"wp:featuredmedia":[{"embeddable":true,"href":"https:\/\/entretormentas.com\/index.php?rest_route=\/wp\/v2\/media\/15071"}],"wp:attachment":[{"href":"https:\/\/entretormentas.com\/index.php?rest_route=%2Fwp%2Fv2%2Fmedia&parent=15069"}],"wp:term":[{"taxonomy":"category","embeddable":true,"href":"https:\/\/entretormentas.com\/index.php?rest_route=%2Fwp%2Fv2%2Fcategories&post=15069"},{"taxonomy":"post_tag","embeddable":true,"href":"https:\/\/entretormentas.com\/index.php?rest_route=%2Fwp%2Fv2%2Ftags&post=15069"}],"curies":[{"name":"wp","href":"https:\/\/api.w.org\/{rel}","templated":true}]}}