{"id":15073,"date":"2025-04-05T11:23:59","date_gmt":"2025-04-05T09:23:59","guid":{"rendered":"https:\/\/entretormentas.com\/?p=15073"},"modified":"2025-04-05T11:24:00","modified_gmt":"2025-04-05T09:24:00","slug":"al-conmemorar-su-centenario-rosales-confiere-varios-reconocimientos-al-colegio-los-maristas","status":"publish","type":"post","link":"https:\/\/entretormentas.com\/al-conmemorar-su-centenario-rosales-confiere-varios-reconocimientos-al-colegio-los-maristas\/","title":{"rendered":"\u00a1AL CONMEMORAR SU CENTENARIO! Rosales confiere varios reconocimientos al Colegio Los Maristas"},"content":{"rendered":"\n<p><strong>ENTRE TORMENTAS.<\/strong> El Gobernador del estado Zulia, Manuel Rosales, asisti\u00f3 este jueves, 3 de abril, al acto de instalaci\u00f3n del Congreso Educativo, con motivo del Centenario del Colegio Los Maristas. Adem\u00e1s, confiri\u00f3 la Orden Lago de Maracaibo en su categor\u00eda Gran Collar al Colegio Nuestra Se\u00f1ora de Chiquinquir\u00e1, la Orden Lago de Maracaibo a los Hermanos Maristas y la Orden Rel\u00e1mpago del Catatumbo, en su \u00danica Clase, a destacadas personalidades ligadas a esta instituci\u00f3n educativa.<\/p>\n\n\n\n<p>Al inicio de su intervenci\u00f3n, Rosales expres\u00f3 su saludo desde el Colegio Los Maristas al Zulia y a Venezuela. \u00abUn afectuoso saludo a las escuelas maristas en los barrios Los Estanques, Integraci\u00f3n Comunal y El Despertar de Maracaibo, as\u00ed como a la de La Ca\u00f1ada de Urdaneta\u00bb, resalt\u00f3.<\/p>\n\n\n\n<p>El Gobernador apunt\u00f3 que es un d\u00eda maravilloso por la celebraci\u00f3n de este Congreso Educativo, por el Centenario de la presencia Marista en Venezuela. \u00abTambi\u00e9n para rendir homenaje a personas que marcaron para siempre el historial de una de las instituciones educativas m\u00e1s importantes del pa\u00eds\u00bb.<\/p>\n\n\n\n<figure class=\"wp-block-image size-large\"><img fetchpriority=\"high\" decoding=\"async\" width=\"1024\" height=\"682\" src=\"https:\/\/entretormentas.com\/wp-content\/uploads\/2025\/04\/image-87-1024x682.png\" alt=\"\" class=\"wp-image-15074\" srcset=\"https:\/\/entretormentas.com\/wp-content\/uploads\/2025\/04\/image-87-1024x682.png 1024w, https:\/\/entretormentas.com\/wp-content\/uploads\/2025\/04\/image-87-300x200.png 300w, https:\/\/entretormentas.com\/wp-content\/uploads\/2025\/04\/image-87-768x512.png 768w, https:\/\/entretormentas.com\/wp-content\/uploads\/2025\/04\/image-87-1536x1024.png 1536w, https:\/\/entretormentas.com\/wp-content\/uploads\/2025\/04\/image-87-2048x1365.png 2048w\" sizes=\"(max-width: 1024px) 100vw, 1024px\" \/><\/figure>\n\n\n\n<p>Dijo que este es un espacio para reflexionar sobre el legado que ha dejado una huella imborrable en la educaci\u00f3n y en la vida de las familias zulianas. \u00abEs la historia de los Maristas en el mundo, Am\u00e9rica, y en particular, en nuestra querida Venezuela y la regi\u00f3n zuliana\u00bb.<\/p>\n\n\n\n<p>Record\u00f3 que los Hermanos Maristas, fundados en 1817 por San Marcelino Champagnat, en Francia, llegaron a Am\u00e9rica con la misi\u00f3n de ofrecer una educaci\u00f3n integral que fomente, no solo el conocimiento acad\u00e9mico, sino tambi\u00e9n los valores humanos y cristianos.<\/p>\n\n\n\n<p>Cabe destacar que en la actualidad, la Congregaci\u00f3n Maristas est\u00e1 presente en m\u00e1s de 80 pa\u00edses y cuenta con miles de escuelas, colegios y obras sociales. Su enfoque en la educaci\u00f3n centrada en el alumno ha transformado la vida de innumerables j\u00f3venes a lo largo de los a\u00f1os.<\/p>\n\n\n\n<p>En Venezuela, los maristas comenzaron su labor en el a\u00f1o 1904. Desde entonces, han estado presentes en diversas ciudades, llevando su mensaje y su m\u00e9todo educativo a comunidades que, en muchos casos, carec\u00edan de acceso a una educaci\u00f3n de calidad.<\/p>\n\n\n\n<figure class=\"wp-block-image size-large\"><img decoding=\"async\" width=\"1024\" height=\"682\" src=\"https:\/\/entretormentas.com\/wp-content\/uploads\/2025\/04\/image-88-1024x682.png\" alt=\"\" class=\"wp-image-15075\" srcset=\"https:\/\/entretormentas.com\/wp-content\/uploads\/2025\/04\/image-88-1024x682.png 1024w, https:\/\/entretormentas.com\/wp-content\/uploads\/2025\/04\/image-88-300x200.png 300w, https:\/\/entretormentas.com\/wp-content\/uploads\/2025\/04\/image-88-768x512.png 768w, https:\/\/entretormentas.com\/wp-content\/uploads\/2025\/04\/image-88-1536x1024.png 1536w, https:\/\/entretormentas.com\/wp-content\/uploads\/2025\/04\/image-88-2048x1365.png 2048w\" sizes=\"(max-width: 1024px) 100vw, 1024px\" \/><\/figure>\n\n\n\n<p>Rosales mencion\u00f3 que el 16 de septiembre de 1925, los hermanos Ildefonso, Carlos Florentino, F\u00e9lix Anselmo, Emeterio Ignacio y Sebasti\u00e1n Jos\u00e9 llegaron a Maracaibo, procedentes de Espa\u00f1a, para fundar el primer colegio cat\u00f3lico para varones de Maracaibo. \u00abEsta fue una extraordinaria iniciativa del obispo de Maracaibo, Monse\u00f1or Marcos Sergio Godoy, quien durante su visita al Papa P\u00edo XI, en 1924, le hizo esta solicitud. El 5 de octubre de 1925 se iniciaron las clases en los salones del Seminario Mayor de Maracaibo, sede improvisada del colegio\u00bb.<\/p>\n\n\n\n<p>Se\u00f1al\u00f3 que en un contexto, donde 38 alumnos presentaron ex\u00e1menes para determinar su ubicaci\u00f3n en uno de los tres grados abiertos, naci\u00f3 el Colegio Nuestra Se\u00f1ora de Chiquinquir\u00e1 en honor a nuestra Santa Patrona, \u201cLa Chinita\u201d. A trav\u00e9s de su labor, han promovido el desarrollo integral de los estudiantes, apoyando su crecimiento en aspectos acad\u00e9micos, espirituales y sociales.<\/p>\n\n\n\n<p>Y destac\u00f3: \u00abPor estas aulas han pasado magn\u00edficas generaciones de zulianos con ese sello marista de excelencia, humildad y amor que los caracteriza. Las instituciones maristas han sabido adaptarse a las necesidades de la comunidad, ofreciendo programas educativos que, no solo buscan la excelencia acad\u00e9mica, sino que tambi\u00e9n fomentan la solidaridad, el respeto y la responsabilidad social. Las escuelas maristas se han convertido en espacios donde se cultivan valores que trascienden las aulas, formando ciudadanos\u00bb.<\/p>\n\n\n\n<p><strong>COMPROMETIDOS CON SU ENTORNO<\/strong><br>El Gobernador del Zulia explic\u00f3 que la educaci\u00f3n marista se caracteriza por su enfoque en la cercan\u00eda, el acompa\u00f1amiento y el cari\u00f1o. \u00abLos Hermanos y educadores maristas han sido m\u00e1s que docentes: han sido gu\u00edas, mentores y amigos. Han sabido escuchar y atender las necesidades de sus estudiantes, promoviendo un ambiente de confianza y respeto que permite a cada joven desarrollar su potencial\u00bb.<\/p>\n\n\n\n<figure class=\"wp-block-image size-large\"><img decoding=\"async\" width=\"1024\" height=\"682\" src=\"https:\/\/entretormentas.com\/wp-content\/uploads\/2025\/04\/image-90-1024x682.png\" alt=\"\" class=\"wp-image-15077\" srcset=\"https:\/\/entretormentas.com\/wp-content\/uploads\/2025\/04\/image-90-1024x682.png 1024w, https:\/\/entretormentas.com\/wp-content\/uploads\/2025\/04\/image-90-300x200.png 300w, https:\/\/entretormentas.com\/wp-content\/uploads\/2025\/04\/image-90-768x512.png 768w, https:\/\/entretormentas.com\/wp-content\/uploads\/2025\/04\/image-90-1536x1024.png 1536w, https:\/\/entretormentas.com\/wp-content\/uploads\/2025\/04\/image-90-2048x1365.png 2048w\" sizes=\"(max-width: 1024px) 100vw, 1024px\" \/><\/figure>\n\n\n\n<p>Sostuvo, adem\u00e1s, que la labor de los maristas no se limita a las aulas. \u00abSu compromiso con la comunidad se refleja en proyectos sociales y de desarrollo que buscan mejorar la calidad de vida de las personas. A trav\u00e9s de iniciativas de servicio, los maristas han ense\u00f1ado a sus estudiantes la importancia de la solidaridad y el compromiso con los m\u00e1s necesitados, formando as\u00ed no solo buenos estudiantes, sino tambi\u00e9n buenos ciudadanos\u00bb.<\/p>\n\n\n\n<p>Recalc\u00f3 que la Congregaci\u00f3n est\u00e1 en evoluci\u00f3n constante, para adaptarse a los cambios sociales y educativos, promoviendo m\u00e9todos innovadores en la ense\u00f1anza. \u00abMe siento orgulloso de que esta instituci\u00f3n celebre su centenario y que haya sido el Zulia el lugar donde comenz\u00f3 todo. Hoy, su labor educativa se extiende por casi toda Venezuela\u00bb.<\/p>\n\n\n\n<p>Para finalizar, Rosales se\u00f1al\u00f3: \u00abReciban las felicitaciones del pueblo zuliano y nuestras plegarias, para que su obra contin\u00fae por los siglos de los siglos. Que Dios y la Virgen del Valle bendigan a esta gran familia. Siempre inspirados en la Virgen de Chiquinquir\u00e1, llenos de fe en la nueva Santa de Venezuela, la Madre Carmen Rendiles, damos inicio formal a estos meses del centenario y aplaudimos de pie a los Hermanos Maristas y a su alumnado\u00bb.<br><strong>ET \/ Nota de Prensa<\/strong><\/p>\n\n\n\n<p><\/p>\n","protected":false},"excerpt":{"rendered":"<p>ENTRE TORMENTAS. El Gobernador del estado Zulia, Manuel Rosales, asisti\u00f3 este jueves, 3 de abril,&#8230;<\/p>\n","protected":false},"author":2,"featured_media":15076,"comment_status":"closed","ping_status":"open","sticky":false,"template":"","format":"standard","meta":{"footnotes":""},"categories":[57,1],"tags":[],"class_list":["post-15073","post","type-post","status-publish","format-standard","has-post-thumbnail","hentry","category-actualidad","category-regionales"],"_links":{"self":[{"href":"https:\/\/entretormentas.com\/index.php?rest_route=\/wp\/v2\/posts\/15073","targetHints":{"allow":["GET"]}}],"collection":[{"href":"https:\/\/entretormentas.com\/index.php?rest_route=\/wp\/v2\/posts"}],"about":[{"href":"https:\/\/entretormentas.com\/index.php?rest_route=\/wp\/v2\/types\/post"}],"author":[{"embeddable":true,"href":"https:\/\/entretormentas.com\/index.php?rest_route=\/wp\/v2\/users\/2"}],"replies":[{"embeddable":true,"href":"https:\/\/entretormentas.com\/index.php?rest_route=%2Fwp%2Fv2%2Fcomments&post=15073"}],"version-history":[{"count":1,"href":"https:\/\/entretormentas.com\/index.php?rest_route=\/wp\/v2\/posts\/15073\/revisions"}],"predecessor-version":[{"id":15078,"href":"https:\/\/entretormentas.com\/index.php?rest_route=\/wp\/v2\/posts\/15073\/revisions\/15078"}],"wp:featuredmedia":[{"embeddable":true,"href":"https:\/\/entretormentas.com\/index.php?rest_route=\/wp\/v2\/media\/15076"}],"wp:attachment":[{"href":"https:\/\/entretormentas.com\/index.php?rest_route=%2Fwp%2Fv2%2Fmedia&parent=15073"}],"wp:term":[{"taxonomy":"category","embeddable":true,"href":"https:\/\/entretormentas.com\/index.php?rest_route=%2Fwp%2Fv2%2Fcategories&post=15073"},{"taxonomy":"post_tag","embeddable":true,"href":"https:\/\/entretormentas.com\/index.php?rest_route=%2Fwp%2Fv2%2Ftags&post=15073"}],"curies":[{"name":"wp","href":"https:\/\/api.w.org\/{rel}","templated":true}]}}