{"id":15079,"date":"2025-04-05T11:28:32","date_gmt":"2025-04-05T09:28:32","guid":{"rendered":"https:\/\/entretormentas.com\/?p=15079"},"modified":"2025-04-05T11:28:32","modified_gmt":"2025-04-05T09:28:32","slug":"por-semana-santa-alcaldia-de-maracaibo-anuncia-feria-del-pescado-2025-del-12-al-15-de-abril","status":"publish","type":"post","link":"https:\/\/entretormentas.com\/por-semana-santa-alcaldia-de-maracaibo-anuncia-feria-del-pescado-2025-del-12-al-15-de-abril\/","title":{"rendered":"\u00a1POR SEMANA SANTA! Alcald\u00eda de Maracaibo anuncia Feria del Pescado 2025 del 12 al 15 de abril"},"content":{"rendered":"\n<p><strong>ENTRE TORMENTAS. <\/strong>A prop\u00f3sito del asueto religioso de la Semana Santa, la ciudad vivir\u00e1 una vez m\u00e1s la Feria del Pescado 2025, organizada por la Alcald\u00eda de Maracaibo a trav\u00e9s de la Direcci\u00f3n de Alimentaci\u00f3n y la Fundaci\u00f3n para la Econom\u00eda Popular (Fundepo), as\u00ed lo anunci\u00f3 el alcalde encargado del municipio, Adri\u00e1n Romero Mart\u00ednez.<\/p>\n\n\n\n<p>\u201cVayan prepar\u00e1ndose para la feria del pescado. Cuatro d\u00edas de atenci\u00f3n, iniciando el s\u00e1bado 12 de abril en la parroquia Bol\u00edvar\u201d, invit\u00f3 Romero Mart\u00ednez durante la Feria Alimentaria del Sol n\u00famero 15 realizada la ma\u00f1ana del pasado s\u00e1bado 29 de marzo en la parroquia Caracciolo Parra P\u00e9rez.<\/p>\n\n\n\n<figure class=\"wp-block-image size-large\"><img fetchpriority=\"high\" decoding=\"async\" width=\"1024\" height=\"682\" src=\"https:\/\/entretormentas.com\/wp-content\/uploads\/2025\/04\/image-91-1024x682.png\" alt=\"\" class=\"wp-image-15080\" srcset=\"https:\/\/entretormentas.com\/wp-content\/uploads\/2025\/04\/image-91-1024x682.png 1024w, https:\/\/entretormentas.com\/wp-content\/uploads\/2025\/04\/image-91-300x200.png 300w, https:\/\/entretormentas.com\/wp-content\/uploads\/2025\/04\/image-91-768x512.png 768w, https:\/\/entretormentas.com\/wp-content\/uploads\/2025\/04\/image-91-1536x1024.png 1536w, https:\/\/entretormentas.com\/wp-content\/uploads\/2025\/04\/image-91-2048x1365.png 2048w\" sizes=\"(max-width: 1024px) 100vw, 1024px\" \/><\/figure>\n\n\n\n<p>Seg\u00fan indic\u00f3 la autoridad municipal, la Feria Alimentaria del Sol y del Pescado estar\u00e1 activa los d\u00edas s\u00e1bado 12, Domingo de Ramos 13, lunes 14 y martes 15 de abril en las parroquias Bol\u00edvar, Francisco Eugenio Bustamante, Cristo de Aranza y Juana de \u00c1vila, respectivamente.<\/p>\n\n\n\n<p>Las familias de estas cuatro parroquias podr\u00e1n escoger entre m\u00e1s de doce especies del mar como: mojito, lebranche, camar\u00f3n, bocachico, filet, corvina pelaya, corvina, sardinas, bagre rayado, tilapia, r\u00f3balo, jurel, entre otras.<\/p>\n\n\n\n<p>\u201cY aprovechan de una vez para llevarse la yuca, el pl\u00e1tano, el queso de dem\u00e1s alimentos y v\u00edveres que ac\u00e1, en alianza con nuestros productores del oeste y el sector privado, encuentran productos frescos y los mejores precios\u201d.<\/p>\n\n\n\n<figure class=\"wp-block-image size-large\"><img decoding=\"async\" width=\"1024\" height=\"576\" src=\"https:\/\/entretormentas.com\/wp-content\/uploads\/2025\/04\/image-92-1024x576.png\" alt=\"\" class=\"wp-image-15081\" srcset=\"https:\/\/entretormentas.com\/wp-content\/uploads\/2025\/04\/image-92-1024x576.png 1024w, https:\/\/entretormentas.com\/wp-content\/uploads\/2025\/04\/image-92-300x169.png 300w, https:\/\/entretormentas.com\/wp-content\/uploads\/2025\/04\/image-92-768x432.png 768w, https:\/\/entretormentas.com\/wp-content\/uploads\/2025\/04\/image-92-1536x864.png 1536w, https:\/\/entretormentas.com\/wp-content\/uploads\/2025\/04\/image-92-2048x1152.png 2048w\" sizes=\"(max-width: 1024px) 100vw, 1024px\" \/><\/figure>\n\n\n\n<p>Por su parte, Rafael Viloria, director de Alimentaci\u00f3n, inform\u00f3 que en las cuatro parroquias se ofrecer\u00e1n m\u00e1s de 12 toneladas de pescado m\u00e1s los productos de la cesta b\u00e1sica que regularmente ofrecen las Ferias Alimentarias del Sol.<\/p>\n\n\n\n<p>En 2022, los Mercados del Sol y la Feria del Pescado vendieron un total de 150 toneladas, beneficiando a m\u00e1s de 12 mil familias de Maracaibo en cuatro jornadas; en 2023, se distribuyeron 12 toneladas, y para 2024 se increment\u00f3 la atenci\u00f3n en un 20% respecto al a\u00f1o anterior, ofreciendo 50 toneladas de productos para atender a m\u00e1s de 5 mil familias en cuatro d\u00edas.<br><strong><em>ET \/ DCI Alcald\u00eda de Maracaibo<\/em><\/strong><\/p>\n\n\n\n<p><\/p>\n","protected":false},"excerpt":{"rendered":"<p>ENTRE TORMENTAS. A prop\u00f3sito del asueto religioso de la Semana Santa, la ciudad vivir\u00e1 una&#8230;<\/p>\n","protected":false},"author":2,"featured_media":15082,"comment_status":"closed","ping_status":"open","sticky":false,"template":"","format":"standard","meta":{"footnotes":""},"categories":[57,1],"tags":[],"class_list":["post-15079","post","type-post","status-publish","format-standard","has-post-thumbnail","hentry","category-actualidad","category-regionales"],"_links":{"self":[{"href":"https:\/\/entretormentas.com\/index.php?rest_route=\/wp\/v2\/posts\/15079","targetHints":{"allow":["GET"]}}],"collection":[{"href":"https:\/\/entretormentas.com\/index.php?rest_route=\/wp\/v2\/posts"}],"about":[{"href":"https:\/\/entretormentas.com\/index.php?rest_route=\/wp\/v2\/types\/post"}],"author":[{"embeddable":true,"href":"https:\/\/entretormentas.com\/index.php?rest_route=\/wp\/v2\/users\/2"}],"replies":[{"embeddable":true,"href":"https:\/\/entretormentas.com\/index.php?rest_route=%2Fwp%2Fv2%2Fcomments&post=15079"}],"version-history":[{"count":1,"href":"https:\/\/entretormentas.com\/index.php?rest_route=\/wp\/v2\/posts\/15079\/revisions"}],"predecessor-version":[{"id":15083,"href":"https:\/\/entretormentas.com\/index.php?rest_route=\/wp\/v2\/posts\/15079\/revisions\/15083"}],"wp:featuredmedia":[{"embeddable":true,"href":"https:\/\/entretormentas.com\/index.php?rest_route=\/wp\/v2\/media\/15082"}],"wp:attachment":[{"href":"https:\/\/entretormentas.com\/index.php?rest_route=%2Fwp%2Fv2%2Fmedia&parent=15079"}],"wp:term":[{"taxonomy":"category","embeddable":true,"href":"https:\/\/entretormentas.com\/index.php?rest_route=%2Fwp%2Fv2%2Fcategories&post=15079"},{"taxonomy":"post_tag","embeddable":true,"href":"https:\/\/entretormentas.com\/index.php?rest_route=%2Fwp%2Fv2%2Ftags&post=15079"}],"curies":[{"name":"wp","href":"https:\/\/api.w.org\/{rel}","templated":true}]}}