{"id":15084,"date":"2025-04-05T11:33:26","date_gmt":"2025-04-05T09:33:26","guid":{"rendered":"https:\/\/entretormentas.com\/?p=15084"},"modified":"2025-04-05T11:33:27","modified_gmt":"2025-04-05T09:33:27","slug":"alcalde-gustavo-fernandez-confieren-la-orden-san-francisco-de-asis-a-los-zagalines-del-padre-vilchez","status":"publish","type":"post","link":"https:\/\/entretormentas.com\/alcalde-gustavo-fernandez-confieren-la-orden-san-francisco-de-asis-a-los-zagalines-del-padre-vilchez\/","title":{"rendered":"\u00a1ALCALDE GUSTAVO FERN\u00c1NDEZ! Confieren la orden San Francisco de As\u00eds a los Zagalines del Padre V\u00edlchez"},"content":{"rendered":"\n<p><strong>ENTRE TORMENTAS. <\/strong>El alcalde Gustavo Fern\u00e1ndez M\u00e9ndez confiri\u00f3 la orden San Francisco de As\u00eds a la reconocida agrupaci\u00f3n Los Zagalines del Padre V\u00edlchez por su destacada trayectoria gaitera siendo referencia musical, patrimonio cultural de San Francisco y por el triunfo en el Mara de Oro 2024 a la Gaita del A\u00f1o: Alfombra Roja, de la pluma del maestro Jaime Indriago e interpretado por los solistas Joaqu\u00edn Espina y Alejandro Fern\u00e1ndez.<\/p>\n\n\n\n<p>Esta sublime producci\u00f3n musical es exitosa en todo el Zulia y parte de Venezuela. \u201cUna impecable interpretaci\u00f3n de Joaquin Espina y Alejandro Fern\u00e1ndez, pero sin un buen acompa\u00f1amiento no ser\u00eda posible, aplausos de pie para quienes ejecutaron los instrumentos y quienes acompa\u00f1aron desde los coros. Esa polifon\u00eda impecable que tienen hoy es producto del trabajo, los felicito de coraz\u00f3n\u201d, expres\u00f3 Fern\u00e1ndez M\u00e9ndez a la vez que record\u00f3 que se siente orgulloso al escuchar hablar de los Zagalines del Padre V\u00edlchez porque son patrimonio cultural adem\u00e1s orgullo natural, patrimonial y cultural del municipio.<\/p>\n\n\n\n<figure class=\"wp-block-image size-large\"><img fetchpriority=\"high\" decoding=\"async\" width=\"1024\" height=\"682\" src=\"https:\/\/entretormentas.com\/wp-content\/uploads\/2025\/04\/image-95-1024x682.png\" alt=\"\" class=\"wp-image-15086\" srcset=\"https:\/\/entretormentas.com\/wp-content\/uploads\/2025\/04\/image-95-1024x682.png 1024w, https:\/\/entretormentas.com\/wp-content\/uploads\/2025\/04\/image-95-300x200.png 300w, https:\/\/entretormentas.com\/wp-content\/uploads\/2025\/04\/image-95-768x512.png 768w, https:\/\/entretormentas.com\/wp-content\/uploads\/2025\/04\/image-95.png 1280w\" sizes=\"(max-width: 1024px) 100vw, 1024px\" \/><\/figure>\n\n\n\n<p>La primera autoridad municipal, acompa\u00f1ado de la primera dama, Franciela N\u00fa\u00f1ez de Fern\u00e1ndez, Ra\u00fal Fern\u00e1ndez presidente de Cultura y dem\u00e1s miembros del gabinete, expres\u00f3 su orgullo por el reconocimiento bien merecido a estos ni\u00f1os y j\u00f3venes, afirmando que \u00abhoy representa un gran compromiso llevar en el pecho el nombre de Los Zagalines del Padre V\u00edlchez\u00bb. Fern\u00e1ndez destac\u00f3 la trayectoria exitosa de la agrupaci\u00f3n, mencionando que es dif\u00edcil encontrar a alguien en el pa\u00eds que no haya escuchado: \u00abYo Soy El Catire Machete\u00bb.<\/p>\n\n\n\n<p>El alcalde tambi\u00e9n enfatiz\u00f3 la importancia del trabajo realizado por Fundagraez en la promoci\u00f3n de la ense\u00f1anza de la gaita, lo que ha resultado en el crecimiento de grupos infantiles y en la evoluci\u00f3n de los criterios de premiaci\u00f3n. Agradeci\u00f3 al Gobernador Manuel Rosales Guerrero por su apoyo a la cultura.<\/p>\n\n\n\n<figure class=\"wp-block-image size-large\"><img decoding=\"async\" width=\"1024\" height=\"682\" src=\"https:\/\/entretormentas.com\/wp-content\/uploads\/2025\/04\/image-96-1024x682.png\" alt=\"\" class=\"wp-image-15087\" srcset=\"https:\/\/entretormentas.com\/wp-content\/uploads\/2025\/04\/image-96-1024x682.png 1024w, https:\/\/entretormentas.com\/wp-content\/uploads\/2025\/04\/image-96-300x200.png 300w, https:\/\/entretormentas.com\/wp-content\/uploads\/2025\/04\/image-96-768x512.png 768w, https:\/\/entretormentas.com\/wp-content\/uploads\/2025\/04\/image-96.png 1280w\" sizes=\"(max-width: 1024px) 100vw, 1024px\" \/><\/figure>\n\n\n\n<p>Ra\u00fal Fern\u00e1ndez M\u00e9ndez, presidente del Instituto Municipal de Cultura San Francisco, asegur\u00f3 que para Los Zagalines del Padre V\u00edlchez recibir esta orden es un homenaje a su legado cultural. Tambi\u00e9n alent\u00f3 a los j\u00f3venes integrantes a seguir creando m\u00fasica y continuar siendo el mejor grupo de gaita infantil y juvenil de todos los tiempos.<\/p>\n\n\n\n<p>Martha Rinc\u00f3n, representante de Los Zagalines del Padre V\u00edlchez, expres\u00f3 su agradecimiento: \u00abEs un honor y un placer que el alcalde Gustavo Fern\u00e1ndez M\u00e9ndez nos haya tomado en cuenta. Gracias por este bello homenaje\u00bb.<\/p>\n\n\n\n<figure class=\"wp-block-image size-large\"><img decoding=\"async\" width=\"1024\" height=\"697\" src=\"https:\/\/entretormentas.com\/wp-content\/uploads\/2025\/04\/image-97-1024x697.png\" alt=\"\" class=\"wp-image-15088\" srcset=\"https:\/\/entretormentas.com\/wp-content\/uploads\/2025\/04\/image-97-1024x697.png 1024w, https:\/\/entretormentas.com\/wp-content\/uploads\/2025\/04\/image-97-300x204.png 300w, https:\/\/entretormentas.com\/wp-content\/uploads\/2025\/04\/image-97-768x523.png 768w, https:\/\/entretormentas.com\/wp-content\/uploads\/2025\/04\/image-97.png 1280w\" sizes=\"(max-width: 1024px) 100vw, 1024px\" \/><\/figure>\n\n\n\n<p>El evento culmin\u00f3 con una magistral presentaci\u00f3n llenando el ambiente con el ritmo contagioso de la gaita destacando as\u00ed el talento inigualable de estos ni\u00f1os y j\u00f3venes que mantienen viva la tradici\u00f3n del folklore. Entre las piezas interpretadas estuvo La Alfombra Roja, producci\u00f3n musical dedicada a los gaiteros que, con su compromiso, talento y vocaci\u00f3n, exaltaron el g\u00e9nero zuliano a los confines de la eternidad dejando invaluables ense\u00f1anzas para las generaciones futuras.<br><strong><em>ET \/ Alcald\u00eda de San Francisco<\/em><\/strong><\/p>\n\n\n\n<p><\/p>\n","protected":false},"excerpt":{"rendered":"<p>ENTRE TORMENTAS. El alcalde Gustavo Fern\u00e1ndez M\u00e9ndez confiri\u00f3 la orden San Francisco de As\u00eds a&#8230;<\/p>\n","protected":false},"author":2,"featured_media":15085,"comment_status":"closed","ping_status":"open","sticky":false,"template":"","format":"standard","meta":{"footnotes":""},"categories":[57,1],"tags":[],"class_list":["post-15084","post","type-post","status-publish","format-standard","has-post-thumbnail","hentry","category-actualidad","category-regionales"],"_links":{"self":[{"href":"https:\/\/entretormentas.com\/index.php?rest_route=\/wp\/v2\/posts\/15084","targetHints":{"allow":["GET"]}}],"collection":[{"href":"https:\/\/entretormentas.com\/index.php?rest_route=\/wp\/v2\/posts"}],"about":[{"href":"https:\/\/entretormentas.com\/index.php?rest_route=\/wp\/v2\/types\/post"}],"author":[{"embeddable":true,"href":"https:\/\/entretormentas.com\/index.php?rest_route=\/wp\/v2\/users\/2"}],"replies":[{"embeddable":true,"href":"https:\/\/entretormentas.com\/index.php?rest_route=%2Fwp%2Fv2%2Fcomments&post=15084"}],"version-history":[{"count":1,"href":"https:\/\/entretormentas.com\/index.php?rest_route=\/wp\/v2\/posts\/15084\/revisions"}],"predecessor-version":[{"id":15089,"href":"https:\/\/entretormentas.com\/index.php?rest_route=\/wp\/v2\/posts\/15084\/revisions\/15089"}],"wp:featuredmedia":[{"embeddable":true,"href":"https:\/\/entretormentas.com\/index.php?rest_route=\/wp\/v2\/media\/15085"}],"wp:attachment":[{"href":"https:\/\/entretormentas.com\/index.php?rest_route=%2Fwp%2Fv2%2Fmedia&parent=15084"}],"wp:term":[{"taxonomy":"category","embeddable":true,"href":"https:\/\/entretormentas.com\/index.php?rest_route=%2Fwp%2Fv2%2Fcategories&post=15084"},{"taxonomy":"post_tag","embeddable":true,"href":"https:\/\/entretormentas.com\/index.php?rest_route=%2Fwp%2Fv2%2Ftags&post=15084"}],"curies":[{"name":"wp","href":"https:\/\/api.w.org\/{rel}","templated":true}]}}