{"id":15108,"date":"2025-04-05T11:59:23","date_gmt":"2025-04-05T09:59:23","guid":{"rendered":"https:\/\/entretormentas.com\/?p=15108"},"modified":"2025-04-05T11:59:23","modified_gmt":"2025-04-05T09:59:23","slug":"en-el-ojo-del-huracan-trump-podria-entrar-en-desacato-al-desconocer-orden-judicial-que-bloquea-deportaciones","status":"publish","type":"post","link":"https:\/\/entretormentas.com\/en-el-ojo-del-huracan-trump-podria-entrar-en-desacato-al-desconocer-orden-judicial-que-bloquea-deportaciones\/","title":{"rendered":"\u00a1EN EL OJO DEL HURAC\u00c1N! Trump podr\u00eda entrar en desacato al desconocer orden judicial que bloquea deportaciones"},"content":{"rendered":"\n<p><strong>ENTRE TORMENTAS. <\/strong>Este viernes 4 de abril se dio a conocer que el mandatario estadounidense, Donald Trump, podr\u00eda entrar en desacato al desconocer la orden judicial que bloquea las deportaciones.<\/p>\n\n\n\n<p>Esta noticia se da luego de que este jueves el magistrado federal James Boasberg celebr\u00f3 una vista judicial en Washington para determinar si el gobierno ha cumplido sus \u00f3rdenes o es culpable de desacato e interrog\u00f3 a los abogados de Trump sobre si desafiaron o no la orden judicial.<\/p>\n\n\n\n<p>La administraci\u00f3n de Trump ha pedido a la Corte Suprema que anule la orden del tribunal inferior y permita reanudar los vuelos de expulsi\u00f3n bajo la ley de enemigos extranjeros del siglo XVIII, que antes solo se us\u00f3 durante la guerra de 1812 y las dos guerras mundiales.<\/p>\n\n\n\n<p>Para Boasberg es un indicio de que la administraci\u00f3n podr\u00eda haber \u00abactuado de mala fe\u00bb. En su opini\u00f3n, el Departamento de Justicia era consciente de que hab\u00eda una vista judicial para las mil 700 horas del 15 de marzo para examinar una demanda presentada por grupos de defensa de los derechos humanos con el fin de intentar bloquear las expulsiones.<\/p>\n\n\n\n<figure class=\"wp-block-image size-large\"><img fetchpriority=\"high\" decoding=\"async\" width=\"1024\" height=\"683\" src=\"https:\/\/entretormentas.com\/wp-content\/uploads\/2025\/03\/image-444-1024x683.png\" alt=\"\" class=\"wp-image-14578\" srcset=\"https:\/\/entretormentas.com\/wp-content\/uploads\/2025\/03\/image-444-1024x683.png 1024w, https:\/\/entretormentas.com\/wp-content\/uploads\/2025\/03\/image-444-300x200.png 300w, https:\/\/entretormentas.com\/wp-content\/uploads\/2025\/03\/image-444-768x512.png 768w, https:\/\/entretormentas.com\/wp-content\/uploads\/2025\/03\/image-444.png 1200w\" sizes=\"(max-width: 1024px) 100vw, 1024px\" \/><\/figure>\n\n\n\n<p>\u00ab\u00bfPor qu\u00e9 lo prudente no habr\u00eda sido decir: \u2018Vamos a frenar aqu\u00ed y ver lo que el juez tiene que decir\u2019?\u00bb, pregunt\u00f3 Boasberg. A lo que el fiscal general adjunto, Drew Ensign, respondi\u00f3 que no estaba al tanto de los \u00abdetalles operativos\u00bb de las deportaciones. Desde el comienzo del litigio, el Departamento de Justicia alega que los aviones ya estaban en ruta hacia El Salvador y en el espacio a\u00e9reo internacional cuando el juez emiti\u00f3 su orden por escrito pidiendo que dieran la vuelta.<\/p>\n\n\n\n<p>\u00abSi realmente creyeran que todo lo que hicieron ese d\u00eda era legal y que sobrevivir\u00eda a un desaf\u00edo judicial, no habr\u00edan actuado como lo hicieron\u00bb, dijo el magistrado al abogado del Departamento de Justicia Drew Ensign.<\/p>\n\n\n\n<p>En este caso, el juez emitir\u00e1 la pr\u00f3xima semana un fallo sobre c\u00f3mo proceder si encuentra motivos para declarar al gobierno en desacato, teniendo pruebas de que el Gobierno Nacional y los abogados de varios de los venezolanos expulsados sostienen que sus clientes no son miembros del Tren de Aragua, no han cometido delitos y se les persigue por sus tatuajes.<\/p>\n\n\n\n<p>La ley de enemigos extranjeros se invoc\u00f3 el 14 de marzo, pero no se hizo p\u00fablica hasta el d\u00eda siguiente (cuando las deportaciones ya estaban muy avanzadas).<br><strong><em>ET \/ El Universal<\/em><\/strong><\/p>\n\n\n\n<p><\/p>\n","protected":false},"excerpt":{"rendered":"<p>ENTRE TORMENTAS. Este viernes 4 de abril se dio a conocer que el mandatario estadounidense,&#8230;<\/p>\n","protected":false},"author":2,"featured_media":15109,"comment_status":"closed","ping_status":"open","sticky":false,"template":"","format":"standard","meta":{"footnotes":""},"categories":[56,48],"tags":[],"class_list":["post-15108","post","type-post","status-publish","format-standard","has-post-thumbnail","hentry","category-destacadas","category-internacionales"],"_links":{"self":[{"href":"https:\/\/entretormentas.com\/index.php?rest_route=\/wp\/v2\/posts\/15108","targetHints":{"allow":["GET"]}}],"collection":[{"href":"https:\/\/entretormentas.com\/index.php?rest_route=\/wp\/v2\/posts"}],"about":[{"href":"https:\/\/entretormentas.com\/index.php?rest_route=\/wp\/v2\/types\/post"}],"author":[{"embeddable":true,"href":"https:\/\/entretormentas.com\/index.php?rest_route=\/wp\/v2\/users\/2"}],"replies":[{"embeddable":true,"href":"https:\/\/entretormentas.com\/index.php?rest_route=%2Fwp%2Fv2%2Fcomments&post=15108"}],"version-history":[{"count":1,"href":"https:\/\/entretormentas.com\/index.php?rest_route=\/wp\/v2\/posts\/15108\/revisions"}],"predecessor-version":[{"id":15110,"href":"https:\/\/entretormentas.com\/index.php?rest_route=\/wp\/v2\/posts\/15108\/revisions\/15110"}],"wp:featuredmedia":[{"embeddable":true,"href":"https:\/\/entretormentas.com\/index.php?rest_route=\/wp\/v2\/media\/15109"}],"wp:attachment":[{"href":"https:\/\/entretormentas.com\/index.php?rest_route=%2Fwp%2Fv2%2Fmedia&parent=15108"}],"wp:term":[{"taxonomy":"category","embeddable":true,"href":"https:\/\/entretormentas.com\/index.php?rest_route=%2Fwp%2Fv2%2Fcategories&post=15108"},{"taxonomy":"post_tag","embeddable":true,"href":"https:\/\/entretormentas.com\/index.php?rest_route=%2Fwp%2Fv2%2Ftags&post=15108"}],"curies":[{"name":"wp","href":"https:\/\/api.w.org\/{rel}","templated":true}]}}