{"id":15115,"date":"2025-04-08T09:59:20","date_gmt":"2025-04-08T07:59:20","guid":{"rendered":"https:\/\/entretormentas.com\/?p=15115"},"modified":"2025-04-08T09:59:21","modified_gmt":"2025-04-08T07:59:21","slug":"con-actividades-de-concienciacion-comdepro-conmemora-el-25o-aniversario-de-la-lopnna-en-san-francisco","status":"publish","type":"post","link":"https:\/\/entretormentas.com\/con-actividades-de-concienciacion-comdepro-conmemora-el-25o-aniversario-de-la-lopnna-en-san-francisco\/","title":{"rendered":"\u00a1CON ACTIVIDADES DE CONCIENCIACI\u00d3N! Comdepro conmemora el 25\u00ba aniversario de la Lopnna en San Francisco"},"content":{"rendered":"\n<p><strong>ENTRE TORMENTAS. <\/strong>Desde la alcald\u00eda de San Francisco el trabajo en pro de resguardar la ni\u00f1ez contin\u00faa vigente en la gesti\u00f3n del alcalde Gustavo Fern\u00e1ndez, a trav\u00e9s de las actividades conmemorativas del 25\u00ba aniversario de la entrada en vigencia de la Lopnna, organizadas por el equipo de trabajo adscrito al Consejo de Protecci\u00f3n de Ni\u00f1os, Ni\u00f1as y Adolescentes (Comdepro), liderado por Dianeth Guerrero en todo el municipio.<\/p>\n\n\n\n<p>Como parte de estas actividades, se realiz\u00f3 una jornada de concienciaci\u00f3n en las calles del kil\u00f3metro 4 del municipio San Francisco, en donde funcionarios de Comdepro, interactuaron con peatones y transe\u00fantes, estableciendo una ruta de atenci\u00f3n adicional, garantizando el compromiso institucional permanente, que tiene la alcald\u00eda sure\u00f1a con la protecci\u00f3n de los derechos de la ni\u00f1ez y la adolescencia.<\/p>\n\n\n\n<figure class=\"wp-block-image size-large\"><img fetchpriority=\"high\" decoding=\"async\" width=\"1024\" height=\"768\" src=\"https:\/\/entretormentas.com\/wp-content\/uploads\/2025\/04\/image-110-1024x768.png\" alt=\"\" class=\"wp-image-15117\" srcset=\"https:\/\/entretormentas.com\/wp-content\/uploads\/2025\/04\/image-110-1024x768.png 1024w, https:\/\/entretormentas.com\/wp-content\/uploads\/2025\/04\/image-110-300x225.png 300w, https:\/\/entretormentas.com\/wp-content\/uploads\/2025\/04\/image-110-768x576.png 768w, https:\/\/entretormentas.com\/wp-content\/uploads\/2025\/04\/image-110.png 1080w\" sizes=\"(max-width: 1024px) 100vw, 1024px\" \/><\/figure>\n\n\n\n<p>Dianeth Guerrero, directora de Comdepro, explic\u00f3 que siempre se encuentran activos en todo el municipio, con el fin de dar respuestas a las situaciones que se presentan con los ni\u00f1os, ni\u00f1as y adolescentes las cuales merecen asesor\u00eda legal. Adem\u00e1s, precis\u00f3 que pr\u00f3ximamente realizar\u00e1n el Primer Congreso Infantil con el objetivo de dar voz a los ni\u00f1os, ni\u00f1as y adolescentes, quienes ser\u00e1n los protagonistas y exponentes de los logros y alcances de la Lopnna dentro del municipio San Francisco.<\/p>\n\n\n\n<p>\u201cLa actividad busca promover la participaci\u00f3n activa en la defensa de los derechos y la protecci\u00f3n integral de todos nuestros ni\u00f1os, reafirmando as\u00ed el compromiso de Comdepro con la construcci\u00f3n de un futuro m\u00e1s inclusivo y respetuoso\u201d, manifest\u00f3 Guerrero. Por otro lado, invit\u00f3 a acercarse a cada una de las sedes en donde se encuentran funcionarios activos y dispuestos a recibir todas las solicitudes de los sanfranciscanos.<\/p>\n\n\n\n<p>Los ciudadanos pueden presentarse y solicitar informaci\u00f3n y asesor\u00edas en un horario comprendido entre las 7:30 am y 4:00 pm, en la sede principal, ubicada en la av. 5 de San Francisco, en las instalaciones del terminal Sim\u00f3n Bol\u00edvar, en la sede ubicada en la av. principal de Sur Am\u00e9rica, espec\u00edficamente detr\u00e1s de la cl\u00ednica Santa B\u00e1rbara y en la tercera sede situada en la calle 200, en el centro comercial El Sam\u00e1n. Asimismo, Comdepro cuenta con una unidad de atenci\u00f3n disponible en las instalaciones de Siribsur, Imsasur y en el ambulatorio El Silencio.<br><strong><em>ET \/ Alcald\u00eda de San Francisco<\/em><\/strong><\/p>\n","protected":false},"excerpt":{"rendered":"<p>ENTRE TORMENTAS. Desde la alcald\u00eda de San Francisco el trabajo en pro de resguardar la&#8230;<\/p>\n","protected":false},"author":2,"featured_media":15116,"comment_status":"closed","ping_status":"open","sticky":false,"template":"","format":"standard","meta":{"footnotes":""},"categories":[1],"tags":[],"class_list":["post-15115","post","type-post","status-publish","format-standard","has-post-thumbnail","hentry","category-regionales"],"_links":{"self":[{"href":"https:\/\/entretormentas.com\/index.php?rest_route=\/wp\/v2\/posts\/15115","targetHints":{"allow":["GET"]}}],"collection":[{"href":"https:\/\/entretormentas.com\/index.php?rest_route=\/wp\/v2\/posts"}],"about":[{"href":"https:\/\/entretormentas.com\/index.php?rest_route=\/wp\/v2\/types\/post"}],"author":[{"embeddable":true,"href":"https:\/\/entretormentas.com\/index.php?rest_route=\/wp\/v2\/users\/2"}],"replies":[{"embeddable":true,"href":"https:\/\/entretormentas.com\/index.php?rest_route=%2Fwp%2Fv2%2Fcomments&post=15115"}],"version-history":[{"count":1,"href":"https:\/\/entretormentas.com\/index.php?rest_route=\/wp\/v2\/posts\/15115\/revisions"}],"predecessor-version":[{"id":15118,"href":"https:\/\/entretormentas.com\/index.php?rest_route=\/wp\/v2\/posts\/15115\/revisions\/15118"}],"wp:featuredmedia":[{"embeddable":true,"href":"https:\/\/entretormentas.com\/index.php?rest_route=\/wp\/v2\/media\/15116"}],"wp:attachment":[{"href":"https:\/\/entretormentas.com\/index.php?rest_route=%2Fwp%2Fv2%2Fmedia&parent=15115"}],"wp:term":[{"taxonomy":"category","embeddable":true,"href":"https:\/\/entretormentas.com\/index.php?rest_route=%2Fwp%2Fv2%2Fcategories&post=15115"},{"taxonomy":"post_tag","embeddable":true,"href":"https:\/\/entretormentas.com\/index.php?rest_route=%2Fwp%2Fv2%2Ftags&post=15115"}],"curies":[{"name":"wp","href":"https:\/\/api.w.org\/{rel}","templated":true}]}}