{"id":15122,"date":"2025-04-08T10:04:09","date_gmt":"2025-04-08T08:04:09","guid":{"rendered":"https:\/\/entretormentas.com\/?p=15122"},"modified":"2025-04-08T10:04:10","modified_gmt":"2025-04-08T08:04:10","slug":"por-su-trayectoria-y-aportes-a-la-gaita-cmm-rinde-homenaje-al-destacado-gaitero-jerry-sanchez","status":"publish","type":"post","link":"https:\/\/entretormentas.com\/por-su-trayectoria-y-aportes-a-la-gaita-cmm-rinde-homenaje-al-destacado-gaitero-jerry-sanchez\/","title":{"rendered":"\u00a1POR SU TRAYECTORIA Y APORTES A LA GAITA! CMM rinde homenaje al destacado gaitero Jerry S\u00e1nchez"},"content":{"rendered":"\n<p><strong>ENTRE TORMENTAS. <\/strong>En una emotiva ceremonia privada realizada en el despacho del presidente del concejo, Omar Molina, se le hizo entrega de un reconocimiento especial al renombrado gaitero Jerry S\u00e1nchez, en honor a su destacada trayectoria art\u00edstica y su invaluable contribuci\u00f3n a la cultura y tradici\u00f3n gaitera de la ciudad.<\/p>\n\n\n\n<p>Jerry S\u00e1nchez, quien a lo largo de su carrera ha enaltecido el g\u00e9nero musical m\u00e1s emblem\u00e1tico de Maracaibo, recibi\u00f3 este homenaje como s\u00edmbolo del profundo respeto y admiraci\u00f3n que el pueblo marabino siente hacia su obra.<\/p>\n\n\n\n<p>Durante el acto, Omar Molina expres\u00f3: \u00abHoy, m\u00e1s que nunca, todos los sectores de la ciudad de Maracaibo, especialmente el sector econ\u00f3mico y el sector tur\u00edstico, debemos trabajar de manera articulada en pro del desarrollo de nuestra ciudad. Nuestra visi\u00f3n es clara: queremos que Maracaibo se convierta en una marca que represente lo mejor de nuestro legado y nuestro futuro\u201d.<\/p>\n\n\n\n<p>Indic\u00f3 adem\u00e1s que el gaitero Jerry S\u00e1nchez, es un pilar fundamental en la promoci\u00f3n de nuestro gentilicio, de nuestra gaita, de nuestra m\u00fasica y de nuestro g\u00e9nero musical que tanto nos identifica. \u201cSu trayectoria es un testimonio del valor cultural y art\u00edstico de Maracaibo. A trav\u00e9s de figuras como \u00e9l, vemos reflejado el patrimonio vivo de nuestra ciudad, desde el emblem\u00e1tico Casco Central hasta cada rinc\u00f3n donde la gaita resuena\u201d, manifest\u00f3 Molina.<\/p>\n\n\n\n<figure class=\"wp-block-image size-large\"><img fetchpriority=\"high\" decoding=\"async\" width=\"1024\" height=\"682\" src=\"https:\/\/entretormentas.com\/wp-content\/uploads\/2025\/04\/image-113-1024x682.png\" alt=\"\" class=\"wp-image-15124\" srcset=\"https:\/\/entretormentas.com\/wp-content\/uploads\/2025\/04\/image-113-1024x682.png 1024w, https:\/\/entretormentas.com\/wp-content\/uploads\/2025\/04\/image-113-300x200.png 300w, https:\/\/entretormentas.com\/wp-content\/uploads\/2025\/04\/image-113-768x512.png 768w, https:\/\/entretormentas.com\/wp-content\/uploads\/2025\/04\/image-113.png 1280w\" sizes=\"(max-width: 1024px) 100vw, 1024px\" \/><\/figure>\n\n\n\n<p>Por su parte, Jerry S\u00e1nchez indic\u00f3 que tiene 45 a\u00f1os trabajando con los ni\u00f1os y enfatiz\u00f3 seguir haci\u00e9ndolo. \u201cSeguir\u00e9 llevando la gaita a otro nivel. Por eso estamos haciendo una sinf\u00f3nica con el Sistema Nacional de Orquestas y Coros Infantiles y Juveniles de Venezuela, con el n\u00facleo de Zulia, bajo la direcci\u00f3n del profesor Rafael Paquete y todo lo que sea para engrandecer y proyectar para asumir la gaita como la bandera musical, no del Zulia, sino de toda Venezuela\u201d, especific\u00f3 S\u00e1nchez.<\/p>\n\n\n\n<p>Este encuentro cont\u00f3 con la presencia de la presidenta del IMGRA, Johana Salas, quien particip\u00f3 en enaltecer y celebrar la trayectoria de este icono de la gaita zuliana. Asimismo, se destac\u00f3 la importancia de continuar apoyando el talento art\u00edstico local y de promover espacios que preserven nuestras tradiciones.<\/p>\n\n\n\n<p>El presidente del Concejo Municipal reafirm\u00f3 su compromiso de trabajar por el fortalecimiento de la cultura marabina y de impulsar iniciativas que enaltezcan el patrimonio de la ciudad. \u00abHoy no solo celebramos la trayectoria de Jerry S\u00e1nchez, sino tambi\u00e9n el esp\u00edritu de nuestra Maracaibo, que vive y respira a trav\u00e9s de la gaita\u00bb, concluy\u00f3 Molina.<br><strong><em>ET \/ Prensa CMM<\/em><\/strong><\/p>\n\n\n\n<p><\/p>\n","protected":false},"excerpt":{"rendered":"<p>ENTRE TORMENTAS. En una emotiva ceremonia privada realizada en el despacho del presidente del concejo,&#8230;<\/p>\n","protected":false},"author":2,"featured_media":15123,"comment_status":"closed","ping_status":"open","sticky":false,"template":"","format":"standard","meta":{"footnotes":""},"categories":[1],"tags":[],"class_list":["post-15122","post","type-post","status-publish","format-standard","has-post-thumbnail","hentry","category-regionales"],"_links":{"self":[{"href":"https:\/\/entretormentas.com\/index.php?rest_route=\/wp\/v2\/posts\/15122","targetHints":{"allow":["GET"]}}],"collection":[{"href":"https:\/\/entretormentas.com\/index.php?rest_route=\/wp\/v2\/posts"}],"about":[{"href":"https:\/\/entretormentas.com\/index.php?rest_route=\/wp\/v2\/types\/post"}],"author":[{"embeddable":true,"href":"https:\/\/entretormentas.com\/index.php?rest_route=\/wp\/v2\/users\/2"}],"replies":[{"embeddable":true,"href":"https:\/\/entretormentas.com\/index.php?rest_route=%2Fwp%2Fv2%2Fcomments&post=15122"}],"version-history":[{"count":1,"href":"https:\/\/entretormentas.com\/index.php?rest_route=\/wp\/v2\/posts\/15122\/revisions"}],"predecessor-version":[{"id":15125,"href":"https:\/\/entretormentas.com\/index.php?rest_route=\/wp\/v2\/posts\/15122\/revisions\/15125"}],"wp:featuredmedia":[{"embeddable":true,"href":"https:\/\/entretormentas.com\/index.php?rest_route=\/wp\/v2\/media\/15123"}],"wp:attachment":[{"href":"https:\/\/entretormentas.com\/index.php?rest_route=%2Fwp%2Fv2%2Fmedia&parent=15122"}],"wp:term":[{"taxonomy":"category","embeddable":true,"href":"https:\/\/entretormentas.com\/index.php?rest_route=%2Fwp%2Fv2%2Fcategories&post=15122"},{"taxonomy":"post_tag","embeddable":true,"href":"https:\/\/entretormentas.com\/index.php?rest_route=%2Fwp%2Fv2%2Ftags&post=15122"}],"curies":[{"name":"wp","href":"https:\/\/api.w.org\/{rel}","templated":true}]}}