{"id":15131,"date":"2025-04-08T10:11:34","date_gmt":"2025-04-08T08:11:34","guid":{"rendered":"https:\/\/entretormentas.com\/?p=15131"},"modified":"2025-04-08T10:11:36","modified_gmt":"2025-04-08T08:11:36","slug":"espacio-recuperado-alcaldia-de-san-francisco-reacondiciona-cancha-deportiva-de-la-polar","status":"publish","type":"post","link":"https:\/\/entretormentas.com\/espacio-recuperado-alcaldia-de-san-francisco-reacondiciona-cancha-deportiva-de-la-polar\/","title":{"rendered":"\u00a1ESPACIO RECUPERADO! Alcald\u00eda de San Francisco reacondiciona cancha deportiva de La Polar"},"content":{"rendered":"\n<p><strong>ENTRE TORMENTAS.<\/strong> La alcald\u00eda de San Francisco, inaugur\u00f3 los trabajos de reacondicionamiento en la cancha de usos m\u00faltiples Oswaldo Duarte, ubicada en el sector La Polar II calle 187 entre las avenidas 48H y 48J de la parroquia Domitila Flores.<\/p>\n\n\n\n<p>Las labores comprendieron; rehabilitaci\u00f3n de cerca perimetral, gradas, pintura, sistema el\u00e9ctrico, iluminaci\u00f3n, reparaci\u00f3n de tableros de basckeball, donaci\u00f3n de arquer\u00edas de f\u00fatbol con mallas, implementos deportivos y limpieza general.<\/p>\n\n\n\n<figure class=\"wp-block-image size-large\"><img fetchpriority=\"high\" decoding=\"async\" width=\"1024\" height=\"682\" src=\"https:\/\/entretormentas.com\/wp-content\/uploads\/2025\/04\/image-119-1024x682.png\" alt=\"\" class=\"wp-image-15134\" srcset=\"https:\/\/entretormentas.com\/wp-content\/uploads\/2025\/04\/image-119-1024x682.png 1024w, https:\/\/entretormentas.com\/wp-content\/uploads\/2025\/04\/image-119-300x200.png 300w, https:\/\/entretormentas.com\/wp-content\/uploads\/2025\/04\/image-119-768x512.png 768w, https:\/\/entretormentas.com\/wp-content\/uploads\/2025\/04\/image-119.png 1280w\" sizes=\"(max-width: 1024px) 100vw, 1024px\" \/><\/figure>\n\n\n\n<p>El alcalde Gustavo Fern\u00e1ndez reconoci\u00f3 la labor deportiva del maratonista Oswaldo Duarte, quien creci\u00f3 en estos sectores y su legado trasciende hasta sus hijos y nietos de generaci\u00f3n en generaci\u00f3n. \u00abLos reconocimientos deben hacerse en vida. Eres un orgullo para San Francisco, el estado y el pa\u00eds. Contin\u00faa cosechando lo que haz venido sembrando a lo largo de tu existencia\u00bb resalt\u00f3.<\/p>\n\n\n\n<p>Destac\u00f3 Fern\u00e1ndez que esta cancha fue construida por el gobernador Manuel Rosales y recuperada en esta administraci\u00f3n: \u00abEl que hace deportes se aleja de los vicios y construye ciudadan\u00eda y eso es parte de nuestro trabajo\u00bb, anadi\u00f3.<\/p>\n\n\n\n<p>Por su parte, Oswaldo Duarte agradeci\u00f3 al alcalde Fern\u00e1ndez por colocar su nombre a esta importante cancha, al tiempo que expres\u00f3 su satisfacci\u00f3n y gratitud a Dios por permitir que su familia contin\u00fae sus pasos, incursionando con \u00e9xito en distintos \u00e1mbitos del quehacer deportivo y escenarios competitivos a nivel internacional.<\/p>\n\n\n\n<p>El rescate de la cancha Oswaldo Duarte beneficiar\u00e1,no s\u00f3lo a los residentes del mencionado sector, sino tambi\u00e9n a pobladores de Milagro Sur, Vista al Sol, Polar I y barrio Universidad, garantizando un espacio dignificado para la pr\u00e1ctica de distintas disciplinas deportivas y actividades culturales, fomentando la recreaci\u00f3n y el sano esparcimiento.<\/p>\n\n\n\n<figure class=\"wp-block-image size-large\"><img decoding=\"async\" width=\"1024\" height=\"682\" src=\"https:\/\/entretormentas.com\/wp-content\/uploads\/2025\/04\/image-118-1024x682.png\" alt=\"\" class=\"wp-image-15133\" srcset=\"https:\/\/entretormentas.com\/wp-content\/uploads\/2025\/04\/image-118-1024x682.png 1024w, https:\/\/entretormentas.com\/wp-content\/uploads\/2025\/04\/image-118-300x200.png 300w, https:\/\/entretormentas.com\/wp-content\/uploads\/2025\/04\/image-118-768x512.png 768w, https:\/\/entretormentas.com\/wp-content\/uploads\/2025\/04\/image-118.png 1280w\" sizes=\"(max-width: 1024px) 100vw, 1024px\" \/><\/figure>\n\n\n\n<p>Al referido centro deportivo, se suman otros 14 que han sido recuperados durante la gesti\u00f3n del mandatario municipal, a trav\u00e9s de las gerencias de operaciones e infraestructura, direccionadas por el Instituto Municipal de Deporte (Imdep) entre ellas:<\/p>\n\n\n\n<ul class=\"wp-block-list\">\n<li>Cancha Los Almendrones<\/li>\n\n\n\n<li>Negro Primero<\/li>\n\n\n\n<li>Instituto Universitario de San Francisco (IUSF)<\/li>\n\n\n\n<li>Juan Cuchara<\/li>\n\n\n\n<li>Plaza de la Juventud.<\/li>\n\n\n\n<li>Jos\u00e9 Ram\u00f3n Solano (Parroquia San Francisco)<\/li>\n\n\n\n<li>La Portuaria<\/li>\n\n\n\n<li>La Ordesima (Parroquia Francisco Ochoa)<\/li>\n\n\n\n<li>Sabana Grande (Parroquia Marcial Hern\u00e1ndez)<\/li>\n\n\n\n<li>Emil Herrera<\/li>\n\n\n\n<li>Lote 6 (Parroquia Jos\u00e9 Domingo Rus)<\/li>\n\n\n\n<li>Franklin \u00abPapuca\u00bb Garc\u00eda ( Parroquia Los Cortijos)<\/li>\n\n\n\n<li>Absal\u00f3n Bracho (Parroquia Domitila Flores)<\/li>\n\n\n\n<li>Papuche D\u00edaz (Parroquia Francisco Ochoa)<br>Estadios de b\u00e9isbol de la Peque\u00f1a Liga en la urbanizaci\u00f3n San Francisco y el Jos\u00e9 \u00abPapuche\u00bb D\u00edaz, en el sector Sierra Maestra, de la parroquia Francisco Ochoa.<\/li>\n<\/ul>\n\n\n\n<p>Entrenadores, deportistas, aficionados y comunidad en general agradecieron al alcalde Gustavo Fern\u00e1ndez, por la ejecuci\u00f3n de esta emblem\u00e1tica obra, que permaneci\u00f3 por mucho tiempo en el olvido y que ahora servir\u00e1 para que ni\u00f1os y adolescentes, demuestren sus habilidades y destrezas, alej\u00e1ndolos del ocio y la delincuencia.<br><strong><em>ET \/ Alcald\u00eda de San Francisco<\/em><\/strong><\/p>\n\n\n\n<p><\/p>\n","protected":false},"excerpt":{"rendered":"<p>ENTRE TORMENTAS. La alcald\u00eda de San Francisco, inaugur\u00f3 los trabajos de reacondicionamiento en la cancha&#8230;<\/p>\n","protected":false},"author":2,"featured_media":15132,"comment_status":"closed","ping_status":"open","sticky":false,"template":"","format":"standard","meta":{"footnotes":""},"categories":[57,1],"tags":[],"class_list":["post-15131","post","type-post","status-publish","format-standard","has-post-thumbnail","hentry","category-actualidad","category-regionales"],"_links":{"self":[{"href":"https:\/\/entretormentas.com\/index.php?rest_route=\/wp\/v2\/posts\/15131","targetHints":{"allow":["GET"]}}],"collection":[{"href":"https:\/\/entretormentas.com\/index.php?rest_route=\/wp\/v2\/posts"}],"about":[{"href":"https:\/\/entretormentas.com\/index.php?rest_route=\/wp\/v2\/types\/post"}],"author":[{"embeddable":true,"href":"https:\/\/entretormentas.com\/index.php?rest_route=\/wp\/v2\/users\/2"}],"replies":[{"embeddable":true,"href":"https:\/\/entretormentas.com\/index.php?rest_route=%2Fwp%2Fv2%2Fcomments&post=15131"}],"version-history":[{"count":1,"href":"https:\/\/entretormentas.com\/index.php?rest_route=\/wp\/v2\/posts\/15131\/revisions"}],"predecessor-version":[{"id":15135,"href":"https:\/\/entretormentas.com\/index.php?rest_route=\/wp\/v2\/posts\/15131\/revisions\/15135"}],"wp:featuredmedia":[{"embeddable":true,"href":"https:\/\/entretormentas.com\/index.php?rest_route=\/wp\/v2\/media\/15132"}],"wp:attachment":[{"href":"https:\/\/entretormentas.com\/index.php?rest_route=%2Fwp%2Fv2%2Fmedia&parent=15131"}],"wp:term":[{"taxonomy":"category","embeddable":true,"href":"https:\/\/entretormentas.com\/index.php?rest_route=%2Fwp%2Fv2%2Fcategories&post=15131"},{"taxonomy":"post_tag","embeddable":true,"href":"https:\/\/entretormentas.com\/index.php?rest_route=%2Fwp%2Fv2%2Ftags&post=15131"}],"curies":[{"name":"wp","href":"https:\/\/api.w.org\/{rel}","templated":true}]}}