{"id":15136,"date":"2025-04-08T10:21:10","date_gmt":"2025-04-08T08:21:10","guid":{"rendered":"https:\/\/entretormentas.com\/?p=15136"},"modified":"2025-04-08T10:21:12","modified_gmt":"2025-04-08T08:21:12","slug":"palabra-empenada-rosales-entrega-30-nuevas-patrullas-para-reforzar-la-seguridad-en-el-zulia","status":"publish","type":"post","link":"https:\/\/entretormentas.com\/palabra-empenada-rosales-entrega-30-nuevas-patrullas-para-reforzar-la-seguridad-en-el-zulia\/","title":{"rendered":"\u00a1PALABRA EMPE\u00d1ADA! Rosales entrega 30 nuevas patrullas para reforzar la seguridad en el Zulia"},"content":{"rendered":"\n<p><strong>ENTRE TORMENTA. <\/strong>Desde la Plazoleta de la Bas\u00edlica Nuestra Se\u00f1ora del Rosario de Chiquinquir\u00e1, el gobernador del Zulia, Manuel Rosales, entreg\u00f3 a los funcionarios de la Polic\u00eda Regional, este lunes 7 de abril, una dotaci\u00f3n de patrullas para garantizar y reforzar la seguridad de la regi\u00f3n.<\/p>\n\n\n\n<p>Tras saludar al Zulia y a quienes est\u00e1n lejos de esta tierra, Rosales afirm\u00f3: \u00abHoy nos reunimos en un acto de gran importancia para nuestra regi\u00f3n y para nuestro compromiso con la seguridad y la vida. Es muy importante para m\u00ed estar aqu\u00ed, para hacer entrega de una nueva dotaci\u00f3n a nuestra Polic\u00eda Regional. Este gesto refleja, no solo un incremento en nuestra capacidad operativa, sino tambi\u00e9n un firme compromiso con la seguridad y el bienestar de todos nuestros ciudadanos\u00bb.<\/p>\n\n\n\n<figure class=\"wp-block-image size-large\"><img fetchpriority=\"high\" decoding=\"async\" width=\"1024\" height=\"682\" src=\"https:\/\/entretormentas.com\/wp-content\/uploads\/2025\/04\/image-121-1024x682.png\" alt=\"\" class=\"wp-image-15138\" srcset=\"https:\/\/entretormentas.com\/wp-content\/uploads\/2025\/04\/image-121-1024x682.png 1024w, https:\/\/entretormentas.com\/wp-content\/uploads\/2025\/04\/image-121-300x200.png 300w, https:\/\/entretormentas.com\/wp-content\/uploads\/2025\/04\/image-121-768x512.png 768w, https:\/\/entretormentas.com\/wp-content\/uploads\/2025\/04\/image-121-1536x1024.png 1536w, https:\/\/entretormentas.com\/wp-content\/uploads\/2025\/04\/image-121-2048x1365.png 2048w\" sizes=\"(max-width: 1024px) 100vw, 1024px\" \/><\/figure>\n\n\n\n<p>Sostuvo que para \u00e9l y su equipo de trabajo es muy grato cumplir con sus responsabilidades. \u00abEn este caso se trata de una responsabilidad esencial para el desarrollo del Zulia, que asumimos con absoluta convicci\u00f3n y con mucha fe en las instituciones. Por eso nunca dudamos en brindarles el respaldo que merecen, dentro de nuestras posibilidades\u00bb.<\/p>\n\n\n\n<p>Record\u00f3 que en diciembre, cuando entreg\u00f3 una nueva dotaci\u00f3n de uniformes, resaltaba ese trabajo que nos ha ido convirtiendo en una de las regiones con mejores indicadores en materia de efectividad policial. \u00abHoy entregamos uniformes completos, radiopatrullas, motos, bicicletas, dotaci\u00f3n de radios port\u00e1tiles, activaci\u00f3n de la Brigada Canina, adem\u00e1s de la construcci\u00f3n y dotaci\u00f3n general del Hospital Dr. R\u00e9gulo Pachano \u00c1\u00f1ez\u201d.<\/p>\n\n\n\n<p>Explic\u00f3 que el Gobierno regional aport\u00f3 un importante lote de patrullas a ese trabajo tan eficaz que nadie pone en duda. \u00abSe trata de unidades equipadas con altas tecnolog\u00edas y comprobada versatilidad, para las labores permanentes en los municipios. Siempre hemos dicho que mientras m\u00e1s soportes brindemos a nuestros cuerpos de seguridad, mejores resultados tendremos\u00bb.<\/p>\n\n\n\n<p>Dijo, adem\u00e1s: \u00abHace unos d\u00edas comentaba con nuestro equipo que esta gesti\u00f3n nos ha tocado con situaciones que nos mantiene en el tapete por diversas razones. Desde el tema de las sanciones econ\u00f3micas, pasando por el bloqueo a las transnacionales petroleras, hasta los llamados a una intervenci\u00f3n militar. Sabemos que nuestro rechazo absoluto a las sanciones econ\u00f3micas y a la eliminaci\u00f3n de las licencias petroleras, es para muchos sin\u00f3nimo de traici\u00f3n a la lucha pol\u00edtica, tal como la concibe un conocido sector. Igual sucede cada vez que expresamos repudio a la posibilidad de que fuerzas extranjeras vengan a solucionarnos las controversias internas\u201d.<\/p>\n\n\n\n<figure class=\"wp-block-image size-large\"><img decoding=\"async\" width=\"1024\" height=\"682\" src=\"https:\/\/entretormentas.com\/wp-content\/uploads\/2025\/04\/image-122-1024x682.png\" alt=\"\" class=\"wp-image-15139\" srcset=\"https:\/\/entretormentas.com\/wp-content\/uploads\/2025\/04\/image-122-1024x682.png 1024w, https:\/\/entretormentas.com\/wp-content\/uploads\/2025\/04\/image-122-300x200.png 300w, https:\/\/entretormentas.com\/wp-content\/uploads\/2025\/04\/image-122-768x512.png 768w, https:\/\/entretormentas.com\/wp-content\/uploads\/2025\/04\/image-122-1536x1024.png 1536w, https:\/\/entretormentas.com\/wp-content\/uploads\/2025\/04\/image-122-2048x1365.png 2048w\" sizes=\"(max-width: 1024px) 100vw, 1024px\" \/><\/figure>\n\n\n\n<p>Y afirm\u00f3: \u00abSiempre he dicho y lo sostengo. \u00a1Los problemas de los venezolanos tenemos que resolverlos entre venezolanos! Y ratifico una vez m\u00e1s: reconozco el esfuerzo y la dedicaci\u00f3n de cada uno de ustedes, los hombres y mujeres que integran nuestra Polic\u00eda Regional. Su valent\u00eda, compromiso y profesionalismo son admirables. Ustedes son la primera l\u00ednea de defensa contra el delito y la violencia, y hoy, al entregarles estos veh\u00edculos, reafirmamos nuestra confianza en su capacidad para mantener la seguridad en nuestras calles\u00bb.<\/p>\n\n\n\n<p>Para finalizar, el Gobernador del Zulia anunci\u00f3: \u00abCuenten con nosotros. Apoyamos la lucha por la paz, el respeto a la vida y la protecci\u00f3n de las generaciones futuras. Esta gesti\u00f3n, que comenz\u00f3 el 10 de diciembre de 2021, tambi\u00e9n es para ustedes. Porque cuando construimos o recuperamos escuelas y hospitales, tambi\u00e9n son para sus seres queridos. Las becas estudiantiles y la rob\u00f3tica tambi\u00e9n son para sus hijos. Igualmente las instalaciones deportivas y culturales que hemos entregado en este tiempo. Gracias por tanto esfuerzo. Pido a Dios y a La Chinita que bendigan estas patrullas. Que cuide de ustedes y de sus familiares. Confiamos en que los excelentes indicadores, en materia de efectividad policial, seguir\u00e1n creciendo, para que la integridad de los zulianos se conserve a tiempo completo\u00bb.<br><strong><em>ET \/ Nota de Prensa<\/em><\/strong><\/p>\n","protected":false},"excerpt":{"rendered":"<p>ENTRE TORMENTA. Desde la Plazoleta de la Bas\u00edlica Nuestra Se\u00f1ora del Rosario de Chiquinquir\u00e1, el&#8230;<\/p>\n","protected":false},"author":2,"featured_media":15137,"comment_status":"closed","ping_status":"open","sticky":false,"template":"","format":"standard","meta":{"footnotes":""},"categories":[57,1],"tags":[],"class_list":["post-15136","post","type-post","status-publish","format-standard","has-post-thumbnail","hentry","category-actualidad","category-regionales"],"_links":{"self":[{"href":"https:\/\/entretormentas.com\/index.php?rest_route=\/wp\/v2\/posts\/15136","targetHints":{"allow":["GET"]}}],"collection":[{"href":"https:\/\/entretormentas.com\/index.php?rest_route=\/wp\/v2\/posts"}],"about":[{"href":"https:\/\/entretormentas.com\/index.php?rest_route=\/wp\/v2\/types\/post"}],"author":[{"embeddable":true,"href":"https:\/\/entretormentas.com\/index.php?rest_route=\/wp\/v2\/users\/2"}],"replies":[{"embeddable":true,"href":"https:\/\/entretormentas.com\/index.php?rest_route=%2Fwp%2Fv2%2Fcomments&post=15136"}],"version-history":[{"count":1,"href":"https:\/\/entretormentas.com\/index.php?rest_route=\/wp\/v2\/posts\/15136\/revisions"}],"predecessor-version":[{"id":15140,"href":"https:\/\/entretormentas.com\/index.php?rest_route=\/wp\/v2\/posts\/15136\/revisions\/15140"}],"wp:featuredmedia":[{"embeddable":true,"href":"https:\/\/entretormentas.com\/index.php?rest_route=\/wp\/v2\/media\/15137"}],"wp:attachment":[{"href":"https:\/\/entretormentas.com\/index.php?rest_route=%2Fwp%2Fv2%2Fmedia&parent=15136"}],"wp:term":[{"taxonomy":"category","embeddable":true,"href":"https:\/\/entretormentas.com\/index.php?rest_route=%2Fwp%2Fv2%2Fcategories&post=15136"},{"taxonomy":"post_tag","embeddable":true,"href":"https:\/\/entretormentas.com\/index.php?rest_route=%2Fwp%2Fv2%2Ftags&post=15136"}],"curies":[{"name":"wp","href":"https:\/\/api.w.org\/{rel}","templated":true}]}}