{"id":15141,"date":"2025-04-08T10:23:10","date_gmt":"2025-04-08T08:23:10","guid":{"rendered":"https:\/\/entretormentas.com\/?p=15141"},"modified":"2025-04-08T10:23:12","modified_gmt":"2025-04-08T08:23:12","slug":"afirman-que-lo-acompanaran-hasta-la-victoria-gran-polo-patriotico-brinda-su-total-respaldo-a-luis-caldera","status":"publish","type":"post","link":"https:\/\/entretormentas.com\/afirman-que-lo-acompanaran-hasta-la-victoria-gran-polo-patriotico-brinda-su-total-respaldo-a-luis-caldera\/","title":{"rendered":"\u00a1AFIRMAN QUE LO ACOMPA\u00d1AR\u00c1N HASTA LA VICTORIA! Gran Polo Patri\u00f3tico brinda su total respaldo a Luis Caldera"},"content":{"rendered":"\n<p><strong>ENTRE TORMENTAS. <\/strong>La dirigencia regional de los partidos y movimientos que conforman el Gran Polo Patri\u00f3tico en la regi\u00f3n zuliana, efectuaron una rueda de prensa conjunta para resaltar que trabajar\u00e1n junto al candidato a la Gobernaci\u00f3n, Luis Caldera, y para la victoria en las venideras elecciones regionales del 25 de mayo.<\/p>\n\n\n\n<p>El Partido Comunista de Venezuela (PCV), Patria para Todos (PPT), Uni\u00f3n patri\u00f3tica venezolana (UPV) Somos Vzla y Tupamaro, entre otros, calificaron a Caldera como \u00abun compa\u00f1ero, amigo y aliado\u00bb.<\/p>\n\n\n\n<p>Esta coalici\u00f3n pol\u00edtica tambi\u00e9n asegur\u00f3 que junto a Luis Caldera, se unir\u00e1n a la anunciada peregrinaci\u00f3n, por el mismo candidato, por los 21 municipios del estado.<\/p>\n\n\n\n<p>A su vez, aseguraron que la uni\u00f3n en trabajo junto al poder comunal, a los grupos sociales, transportistas, mujeres e ind\u00edgenas, es la f\u00f3rmula tanto para la victoria electoral, como para el plan y ejecuci\u00f3n de gobierno, una vez concretado el triunfo el 25 de mayo.<br><strong><em>ET \/ Nota de Prensa<\/em><\/strong><\/p>\n","protected":false},"excerpt":{"rendered":"<p>ENTRE TORMENTAS. La dirigencia regional de los partidos y movimientos que conforman el Gran Polo&#8230;<\/p>\n","protected":false},"author":2,"featured_media":15142,"comment_status":"closed","ping_status":"open","sticky":false,"template":"","format":"standard","meta":{"footnotes":""},"categories":[57,1],"tags":[],"class_list":["post-15141","post","type-post","status-publish","format-standard","has-post-thumbnail","hentry","category-actualidad","category-regionales"],"_links":{"self":[{"href":"https:\/\/entretormentas.com\/index.php?rest_route=\/wp\/v2\/posts\/15141","targetHints":{"allow":["GET"]}}],"collection":[{"href":"https:\/\/entretormentas.com\/index.php?rest_route=\/wp\/v2\/posts"}],"about":[{"href":"https:\/\/entretormentas.com\/index.php?rest_route=\/wp\/v2\/types\/post"}],"author":[{"embeddable":true,"href":"https:\/\/entretormentas.com\/index.php?rest_route=\/wp\/v2\/users\/2"}],"replies":[{"embeddable":true,"href":"https:\/\/entretormentas.com\/index.php?rest_route=%2Fwp%2Fv2%2Fcomments&post=15141"}],"version-history":[{"count":1,"href":"https:\/\/entretormentas.com\/index.php?rest_route=\/wp\/v2\/posts\/15141\/revisions"}],"predecessor-version":[{"id":15143,"href":"https:\/\/entretormentas.com\/index.php?rest_route=\/wp\/v2\/posts\/15141\/revisions\/15143"}],"wp:featuredmedia":[{"embeddable":true,"href":"https:\/\/entretormentas.com\/index.php?rest_route=\/wp\/v2\/media\/15142"}],"wp:attachment":[{"href":"https:\/\/entretormentas.com\/index.php?rest_route=%2Fwp%2Fv2%2Fmedia&parent=15141"}],"wp:term":[{"taxonomy":"category","embeddable":true,"href":"https:\/\/entretormentas.com\/index.php?rest_route=%2Fwp%2Fv2%2Fcategories&post=15141"},{"taxonomy":"post_tag","embeddable":true,"href":"https:\/\/entretormentas.com\/index.php?rest_route=%2Fwp%2Fv2%2Ftags&post=15141"}],"curies":[{"name":"wp","href":"https:\/\/api.w.org\/{rel}","templated":true}]}}