{"id":15150,"date":"2025-04-08T10:32:52","date_gmt":"2025-04-08T08:32:52","guid":{"rendered":"https:\/\/entretormentas.com\/?p=15150"},"modified":"2025-04-08T10:32:54","modified_gmt":"2025-04-08T08:32:54","slug":"de-lunes-a-miercoles-el-cne-abre-lapso-de-postulaciones-para-elecciones-del-25-may","status":"publish","type":"post","link":"https:\/\/entretormentas.com\/de-lunes-a-miercoles-el-cne-abre-lapso-de-postulaciones-para-elecciones-del-25-may\/","title":{"rendered":"\u00a1DE LUNES A MI\u00c9RCOLES! El CNE abre lapso de postulaciones para elecciones del 25-May"},"content":{"rendered":"\n<p><strong>ENTRE TORMENTAS.<\/strong> El Consejo Nacional Electoral (CNE) inici\u00f3 este lunes 7 de abril, el per\u00edodo de postulaciones de candidaturas para las pr\u00f3ximas elecciones regionales y de la Asamblea Nacional, que se llevar\u00e1n a cabo el 25 de mayo.<\/p>\n\n\n\n<p>Este proceso, que se extender\u00e1 hasta el viernes 11 de abril, se realizar\u00e1 a trav\u00e9s del Sistema Automatizado de Postulaciones, de acuerdo al cronograma establecido.<\/p>\n\n\n\n<p>De acuerdo con el cronograma, las candidaturas definitivas deber\u00e1n ser formalmente presentadas antes del mi\u00e9rcoles 9 de abril.<\/p>\n\n\n\n<p>Durante los d\u00edas 7 y 8 de abril, las organizaciones pol\u00edticas tendr\u00e1n la oportunidad de crear, modificar sus postulaciones y establecer alianzas estrat\u00e9gicas con otras fuerzas pol\u00edticas.<\/p>\n\n\n\n<p>Una vez culminado el lapso inicial, la Junta Nacional Electoral ser\u00e1 la encargada de llevar a cabo la revisi\u00f3n exhaustiva de la documentaci\u00f3n requerida para la aceptaci\u00f3n o el rechazo de las postulaciones, proceso que se desarrollar\u00e1 entre los d\u00edas 10 y 11 de abril.<\/p>\n\n\n\n<p><strong>PLATAFORMA INDEPENIENTE<\/strong><br>El CNE ha puesto a disposici\u00f3n de las organizaciones pol\u00edticas un mecanismo tecnol\u00f3gico avanzado para la presentaci\u00f3n de sus candidatos a las gobernaciones de los 24 estados, los consejos legislativos estadales y la Asamblea Nacional.<\/p>\n\n\n\n<p>Adem\u00e1s, el sistema permitir\u00e1 realizar modificaciones a las listas de candidatos hasta diez d\u00edas antes de la fecha de las elecciones.<\/p>\n\n\n\n<p>Venezuela realizar\u00e1 elecciones regionales para elegir a 24 gobernadores y los miembros de los consejos legislativos de cada estado, as\u00ed como para renovar los integrantes de la Asamblea Nacional el pr\u00f3ximo 25 de mayo.<br><strong><em>ET \/ Agencias<\/em><\/strong><\/p>\n\n\n\n<p><\/p>\n","protected":false},"excerpt":{"rendered":"<p>ENTRE TORMENTAS. El Consejo Nacional Electoral (CNE) inici\u00f3 este lunes 7 de abril, el per\u00edodo&#8230;<\/p>\n","protected":false},"author":2,"featured_media":15151,"comment_status":"closed","ping_status":"open","sticky":false,"template":"","format":"standard","meta":{"footnotes":""},"categories":[56,49],"tags":[],"class_list":["post-15150","post","type-post","status-publish","format-standard","has-post-thumbnail","hentry","category-destacadas","category-nacionales"],"_links":{"self":[{"href":"https:\/\/entretormentas.com\/index.php?rest_route=\/wp\/v2\/posts\/15150","targetHints":{"allow":["GET"]}}],"collection":[{"href":"https:\/\/entretormentas.com\/index.php?rest_route=\/wp\/v2\/posts"}],"about":[{"href":"https:\/\/entretormentas.com\/index.php?rest_route=\/wp\/v2\/types\/post"}],"author":[{"embeddable":true,"href":"https:\/\/entretormentas.com\/index.php?rest_route=\/wp\/v2\/users\/2"}],"replies":[{"embeddable":true,"href":"https:\/\/entretormentas.com\/index.php?rest_route=%2Fwp%2Fv2%2Fcomments&post=15150"}],"version-history":[{"count":1,"href":"https:\/\/entretormentas.com\/index.php?rest_route=\/wp\/v2\/posts\/15150\/revisions"}],"predecessor-version":[{"id":15152,"href":"https:\/\/entretormentas.com\/index.php?rest_route=\/wp\/v2\/posts\/15150\/revisions\/15152"}],"wp:featuredmedia":[{"embeddable":true,"href":"https:\/\/entretormentas.com\/index.php?rest_route=\/wp\/v2\/media\/15151"}],"wp:attachment":[{"href":"https:\/\/entretormentas.com\/index.php?rest_route=%2Fwp%2Fv2%2Fmedia&parent=15150"}],"wp:term":[{"taxonomy":"category","embeddable":true,"href":"https:\/\/entretormentas.com\/index.php?rest_route=%2Fwp%2Fv2%2Fcategories&post=15150"},{"taxonomy":"post_tag","embeddable":true,"href":"https:\/\/entretormentas.com\/index.php?rest_route=%2Fwp%2Fv2%2Ftags&post=15150"}],"curies":[{"name":"wp","href":"https:\/\/api.w.org\/{rel}","templated":true}]}}