{"id":15153,"date":"2025-04-08T10:34:48","date_gmt":"2025-04-08T08:34:48","guid":{"rendered":"https:\/\/entretormentas.com\/?p=15153"},"modified":"2025-04-08T10:34:50","modified_gmt":"2025-04-08T08:34:50","slug":"lo-firmara-hoy-martes-maduro-tiene-listo-decreto-de-emergencia-economica","status":"publish","type":"post","link":"https:\/\/entretormentas.com\/lo-firmara-hoy-martes-maduro-tiene-listo-decreto-de-emergencia-economica\/","title":{"rendered":"\u00a1LO FIRMAR\u00c1 HOY MARTES! Maduro tiene listo decreto de emergencia econ\u00f3mica"},"content":{"rendered":"\n<p><strong>ENTRE TORMENTAS. <\/strong>El presidente Nicol\u00e1s Maduro se\u00f1al\u00f3 la noche de este lunes, que el martes 8 de abril firmar\u00e1 un Decreto de Emergencia Econ\u00f3mica.<\/p>\n\n\n\n<p>La acci\u00f3n la anunci\u00f3 el mandatario nacional luego de recibir de la Vicepresidenta Delcy Rodr\u00edguez una propuesta de protecci\u00f3n de la econom\u00eda venezolana.<\/p>\n\n\n\n<p>\u00abMa\u00f1ana (martes) firmar\u00e9 el decreto constitucional de emergencia econ\u00f3mica para proteger y defender la econom\u00eda de toda Venezuela\u00bb.<\/p>\n\n\n\n<p>El jefe de Estado recalc\u00f3 que esta medida busca resguardar la econom\u00eda ante los aranceles propuestos por los Estados Unidos.<br><strong><em>ET \/ Agencias<\/em><\/strong><\/p>\n","protected":false},"excerpt":{"rendered":"<p>ENTRE TORMENTAS. El presidente Nicol\u00e1s Maduro se\u00f1al\u00f3 la noche de este lunes, que el martes&#8230;<\/p>\n","protected":false},"author":2,"featured_media":15154,"comment_status":"closed","ping_status":"open","sticky":false,"template":"","format":"standard","meta":{"footnotes":""},"categories":[56,49],"tags":[],"class_list":["post-15153","post","type-post","status-publish","format-standard","has-post-thumbnail","hentry","category-destacadas","category-nacionales"],"_links":{"self":[{"href":"https:\/\/entretormentas.com\/index.php?rest_route=\/wp\/v2\/posts\/15153","targetHints":{"allow":["GET"]}}],"collection":[{"href":"https:\/\/entretormentas.com\/index.php?rest_route=\/wp\/v2\/posts"}],"about":[{"href":"https:\/\/entretormentas.com\/index.php?rest_route=\/wp\/v2\/types\/post"}],"author":[{"embeddable":true,"href":"https:\/\/entretormentas.com\/index.php?rest_route=\/wp\/v2\/users\/2"}],"replies":[{"embeddable":true,"href":"https:\/\/entretormentas.com\/index.php?rest_route=%2Fwp%2Fv2%2Fcomments&post=15153"}],"version-history":[{"count":1,"href":"https:\/\/entretormentas.com\/index.php?rest_route=\/wp\/v2\/posts\/15153\/revisions"}],"predecessor-version":[{"id":15155,"href":"https:\/\/entretormentas.com\/index.php?rest_route=\/wp\/v2\/posts\/15153\/revisions\/15155"}],"wp:featuredmedia":[{"embeddable":true,"href":"https:\/\/entretormentas.com\/index.php?rest_route=\/wp\/v2\/media\/15154"}],"wp:attachment":[{"href":"https:\/\/entretormentas.com\/index.php?rest_route=%2Fwp%2Fv2%2Fmedia&parent=15153"}],"wp:term":[{"taxonomy":"category","embeddable":true,"href":"https:\/\/entretormentas.com\/index.php?rest_route=%2Fwp%2Fv2%2Fcategories&post=15153"},{"taxonomy":"post_tag","embeddable":true,"href":"https:\/\/entretormentas.com\/index.php?rest_route=%2Fwp%2Fv2%2Ftags&post=15153"}],"curies":[{"name":"wp","href":"https:\/\/api.w.org\/{rel}","templated":true}]}}