{"id":15169,"date":"2025-04-08T21:49:32","date_gmt":"2025-04-08T19:49:32","guid":{"rendered":"https:\/\/entretormentas.com\/?p=15169"},"modified":"2025-04-08T21:49:33","modified_gmt":"2025-04-08T19:49:33","slug":"en-educacion-inicial-secretaria-de-educacion-celebra-festival-de-psicomotricidad-regional","status":"publish","type":"post","link":"https:\/\/entretormentas.com\/en-educacion-inicial-secretaria-de-educacion-celebra-festival-de-psicomotricidad-regional\/","title":{"rendered":"\u00a1EN EDUCACI\u00d3N INICIAL! Secretar\u00eda de Educaci\u00f3n celebra Festival de Psicomotricidad Regional"},"content":{"rendered":"\n<p><strong>ENTRE TORMENTAS.<\/strong> El vibrante escenario del Parque Rafael Urdaneta fue testigo de una jornada llena de movimiento, expresi\u00f3n corporal, risas y alegr\u00edas, que se vivi\u00f3 durante el Festival de Psicomotricidad Regional de Educaci\u00f3n Inicial, organizado por la Secretar\u00eda de Educaci\u00f3n.<\/p>\n\n\n\n<p>La celebraci\u00f3n inici\u00f3 con la solemne entonaci\u00f3n de los himnos de Venezuela y del estado Zulia. La Secretaria de Educaci\u00f3n, Carol Camacho destac\u00f3 la importancia de la psicomotricidad en el desarrollo integral de los ni\u00f1os y felicit\u00f3 a la coordinadora de Educaci\u00f3n Inicial, Aurora Faria, por la excelente organizaci\u00f3n, donde participaron todas las coordinaciones PEZ de Maracaibo, y Mara, adem\u00e1s de Cabimas, Jes\u00fas Enrique Lossada, Miranda, San Francisco, y Sim\u00f3n Bol\u00edvar.<\/p>\n\n\n\n<figure class=\"wp-block-image size-large\"><img fetchpriority=\"high\" decoding=\"async\" width=\"1024\" height=\"768\" src=\"https:\/\/entretormentas.com\/wp-content\/uploads\/2025\/04\/image-135-1024x768.png\" alt=\"\" class=\"wp-image-15170\" srcset=\"https:\/\/entretormentas.com\/wp-content\/uploads\/2025\/04\/image-135-1024x768.png 1024w, https:\/\/entretormentas.com\/wp-content\/uploads\/2025\/04\/image-135-300x225.png 300w, https:\/\/entretormentas.com\/wp-content\/uploads\/2025\/04\/image-135-768x576.png 768w, https:\/\/entretormentas.com\/wp-content\/uploads\/2025\/04\/image-135.png 1280w\" sizes=\"(max-width: 1024px) 100vw, 1024px\" \/><\/figure>\n\n\n\n<p>Entre los invitados se cont\u00f3 con la presencia de la subsecretaria de Educaci\u00f3n, Cynthia Ramatta; el director de la Divisi\u00f3n Acad\u00e9mica, Andry Ferrer, quien estuvo acompa\u00f1ado de todo su equipo de trabajo; el presidente de la Fundaci\u00f3n Zuliana de Estudios Fronterizos (Funzef), Johandri S\u00e1nchez; la directora de la Biblioteca Mar\u00eda Calca\u00f1o, Ivonne Landaeta; as\u00ed como, los coordinadores PEZ, docentes, alumnos, padres y representantes.<\/p>\n\n\n\n<p>La subsecretaria de Educaci\u00f3n, Cynthia Ramatta, clausur\u00f3 el evento expresando la satisfacci\u00f3n de haber brindado un espacio de disfrute y aprendizaje para aproximadamente 138 ni\u00f1os y 160 docentes que participaron activamente en el festival. \u00a1Un verdadero \u00e9xito que promueve el desarrollo integral de los m\u00e1s peque\u00f1os!<br><strong><em>ET \/ Nota de Prensa<\/em><\/strong><\/p>\n\n\n\n<p><\/p>\n","protected":false},"excerpt":{"rendered":"<p>ENTRE TORMENTAS. El vibrante escenario del Parque Rafael Urdaneta fue testigo de una jornada llena&#8230;<\/p>\n","protected":false},"author":2,"featured_media":15171,"comment_status":"closed","ping_status":"open","sticky":false,"template":"","format":"standard","meta":{"footnotes":""},"categories":[1],"tags":[],"class_list":["post-15169","post","type-post","status-publish","format-standard","has-post-thumbnail","hentry","category-regionales"],"_links":{"self":[{"href":"https:\/\/entretormentas.com\/index.php?rest_route=\/wp\/v2\/posts\/15169","targetHints":{"allow":["GET"]}}],"collection":[{"href":"https:\/\/entretormentas.com\/index.php?rest_route=\/wp\/v2\/posts"}],"about":[{"href":"https:\/\/entretormentas.com\/index.php?rest_route=\/wp\/v2\/types\/post"}],"author":[{"embeddable":true,"href":"https:\/\/entretormentas.com\/index.php?rest_route=\/wp\/v2\/users\/2"}],"replies":[{"embeddable":true,"href":"https:\/\/entretormentas.com\/index.php?rest_route=%2Fwp%2Fv2%2Fcomments&post=15169"}],"version-history":[{"count":1,"href":"https:\/\/entretormentas.com\/index.php?rest_route=\/wp\/v2\/posts\/15169\/revisions"}],"predecessor-version":[{"id":15172,"href":"https:\/\/entretormentas.com\/index.php?rest_route=\/wp\/v2\/posts\/15169\/revisions\/15172"}],"wp:featuredmedia":[{"embeddable":true,"href":"https:\/\/entretormentas.com\/index.php?rest_route=\/wp\/v2\/media\/15171"}],"wp:attachment":[{"href":"https:\/\/entretormentas.com\/index.php?rest_route=%2Fwp%2Fv2%2Fmedia&parent=15169"}],"wp:term":[{"taxonomy":"category","embeddable":true,"href":"https:\/\/entretormentas.com\/index.php?rest_route=%2Fwp%2Fv2%2Fcategories&post=15169"},{"taxonomy":"post_tag","embeddable":true,"href":"https:\/\/entretormentas.com\/index.php?rest_route=%2Fwp%2Fv2%2Ftags&post=15169"}],"curies":[{"name":"wp","href":"https:\/\/api.w.org\/{rel}","templated":true}]}}