{"id":15173,"date":"2025-04-08T21:53:09","date_gmt":"2025-04-08T19:53:09","guid":{"rendered":"https:\/\/entretormentas.com\/?p=15173"},"modified":"2025-04-08T21:53:10","modified_gmt":"2025-04-08T19:53:10","slug":"edicion-numero-11-feria-de-artesania-y-turismo-de-la-alcaldia-de-maracaibo-llega-al-gran-bazar","status":"publish","type":"post","link":"https:\/\/entretormentas.com\/edicion-numero-11-feria-de-artesania-y-turismo-de-la-alcaldia-de-maracaibo-llega-al-gran-bazar\/","title":{"rendered":"\u00a1EDICI\u00d3N N\u00daMERO 11! Feria de Artesan\u00eda y Turismo de la Alcald\u00eda de Maracaibo llega al Gran Bazar"},"content":{"rendered":"\n<p><strong>ENTRE TORMENTAS.<\/strong> Los d\u00edas viernes 28 y s\u00e1bado 29 de marzo, la Alcald\u00eda de Maracaibo llev\u00f3 a cabo, a trav\u00e9s de la Direcci\u00f3n de Turismo, la edici\u00f3n n\u00famero 11 de la Feria de Artesan\u00eda y Turismo en el centro comercial Gran Bazar, ubicado en el casco central de la ciudad.<\/p>\n\n\n\n<p>Desde las 9:00 de la ma\u00f1ana hasta las 7:00 de noche, m\u00e1s de 20 emprendedores del mercado San Sebasti\u00e1n, la Calle Derecha y de otras zonas del casco central de la ciudad, protagonizaron este evento que destac\u00f3 la creatividad y el gran trabajo de estos artistas marabinos.<\/p>\n\n\n\n<figure class=\"wp-block-image size-large\"><img fetchpriority=\"high\" decoding=\"async\" width=\"1024\" height=\"576\" src=\"https:\/\/entretormentas.com\/wp-content\/uploads\/2025\/04\/image-138-1024x576.png\" alt=\"\" class=\"wp-image-15175\" srcset=\"https:\/\/entretormentas.com\/wp-content\/uploads\/2025\/04\/image-138-1024x576.png 1024w, https:\/\/entretormentas.com\/wp-content\/uploads\/2025\/04\/image-138-300x169.png 300w, https:\/\/entretormentas.com\/wp-content\/uploads\/2025\/04\/image-138-768x432.png 768w, https:\/\/entretormentas.com\/wp-content\/uploads\/2025\/04\/image-138.png 1280w\" sizes=\"(max-width: 1024px) 100vw, 1024px\" \/><\/figure>\n\n\n\n<p>Un total de 11 stands llenaron de tradici\u00f3n y color la plaza central del centro comercial. Entre los productos exhibidos para su venta se encontraban disponibles: el agua de coco, la chicha, dulcer\u00eda criolla artesanal, bisuter\u00eda, plantas ornamentales, crochet y artesan\u00eda wayuu.<\/p>\n\n\n\n<p>Adri\u00e1n Romero Mart\u00ednez, alcalde encargado de Maracaibo, enfatiz\u00f3 que eventos como este son fundamentales para dar visibilidad a los artesanos y fomentar el comercio local, contribuyendo as\u00ed al crecimiento econ\u00f3mico de la regi\u00f3n. Asimismo, se\u00f1al\u00f3 que las ferias no solo son una plataforma para la venta de productos artesanales, sino tambi\u00e9n un espacio para que los marabinos se conecten con sus ra\u00edces culturales. \u201cNos llena de orgullo ver la artesan\u00eda marabina ser expuesta y celebrada. Cuenten con este equipo para seguir apoyando estas iniciativas, al Ecosistema del Emprendimiento y a todos los artesanos\u201d, afirm\u00f3 Romero Mart\u00ednez.<\/p>\n\n\n\n<p>Por su parte, Juan Urdaneta, director de Turismo, se\u00f1al\u00f3 que estas ferias est\u00e1n dispuestas para los emprendedores que conf\u00edan en la municipalidad. Adem\u00e1s son una oportunidad para darse a conocer en el \u00e1mbito comercial e impulsa el emprendimiento en la ciudad.<\/p>\n\n\n\n<p>\u201cHemos sido el puente para que muchas artesanas y artesanos se den a conocer brind\u00e1ndoles un espacio donde mostrar sus productos y gui\u00e1ndolos a trav\u00e9s de cursos y otros recursos que desde la direcci\u00f3n les brindamos\u201d. Asimismo, Urdaneta se\u00f1al\u00f3 que actualmente la direcci\u00f3n cuenta con una red de 70 emprendedores que se incorporan a este tipo de feria en sus distintas ediciones.<\/p>\n\n\n\n<figure class=\"wp-block-image size-large\"><img decoding=\"async\" width=\"1024\" height=\"576\" src=\"https:\/\/entretormentas.com\/wp-content\/uploads\/2025\/04\/image-139-1024x576.png\" alt=\"\" class=\"wp-image-15176\" srcset=\"https:\/\/entretormentas.com\/wp-content\/uploads\/2025\/04\/image-139-1024x576.png 1024w, https:\/\/entretormentas.com\/wp-content\/uploads\/2025\/04\/image-139-300x169.png 300w, https:\/\/entretormentas.com\/wp-content\/uploads\/2025\/04\/image-139-768x432.png 768w, https:\/\/entretormentas.com\/wp-content\/uploads\/2025\/04\/image-139.png 1280w\" sizes=\"(max-width: 1024px) 100vw, 1024px\" \/><\/figure>\n\n\n\n<p>Asimismo, el evento cont\u00f3 con la presentaci\u00f3n de la agrupaci\u00f3n de Danzas Municipales bajo el apoyo de la Direcci\u00f3n de Cultura de la Alcald\u00eda de Maracaibo.<\/p>\n\n\n\n<p>Ariadne Mendoza, creadora de la l\u00ednea de bisuter\u00eda artesanal Creaciones Ari, comparti\u00f3 su entusiasmo por la iniciativa: \u201cEs buen\u00edsimo, porque nos est\u00e1n dando la oportunidad a nosotros, los emprendedores, de mostrar los productos que realizamos con nuestras propias manos. Nos facilitan un espacio para que quien pase por el centro comercial pueda ver nuestros productos\u201d.&nbsp;<\/p>\n\n\n\n<p>M\u00edstica Perozo, una artesana wayuu que trabaja en el mercado San Rafael desde hace m\u00e1s de 50 a\u00f1os, destac\u00f3 la importancia de eventos como este: \u201cEn nuestra cultura. Desde muy peque\u00f1as se nos inculca el tejido y el bordado. Eventos como este nos benefician mucho porque visibilizamos nuestro arte que es muy rico y ancestral\u201d. M\u00edstica tambi\u00e9n mencion\u00f3 el apoyo que reciben a trav\u00e9s del SIACE, que ofrece asesor\u00edas y clases para el crecimiento de sus emprendimientos.<br><strong><em>ET \/ DCI Alcald\u00eda de Maracaibo<\/em><\/strong><\/p>\n","protected":false},"excerpt":{"rendered":"<p>ENTRE TORMENTAS. Los d\u00edas viernes 28 y s\u00e1bado 29 de marzo, la Alcald\u00eda de Maracaibo&#8230;<\/p>\n","protected":false},"author":2,"featured_media":15174,"comment_status":"closed","ping_status":"open","sticky":false,"template":"","format":"standard","meta":{"footnotes":""},"categories":[57,1],"tags":[],"class_list":["post-15173","post","type-post","status-publish","format-standard","has-post-thumbnail","hentry","category-actualidad","category-regionales"],"_links":{"self":[{"href":"https:\/\/entretormentas.com\/index.php?rest_route=\/wp\/v2\/posts\/15173","targetHints":{"allow":["GET"]}}],"collection":[{"href":"https:\/\/entretormentas.com\/index.php?rest_route=\/wp\/v2\/posts"}],"about":[{"href":"https:\/\/entretormentas.com\/index.php?rest_route=\/wp\/v2\/types\/post"}],"author":[{"embeddable":true,"href":"https:\/\/entretormentas.com\/index.php?rest_route=\/wp\/v2\/users\/2"}],"replies":[{"embeddable":true,"href":"https:\/\/entretormentas.com\/index.php?rest_route=%2Fwp%2Fv2%2Fcomments&post=15173"}],"version-history":[{"count":1,"href":"https:\/\/entretormentas.com\/index.php?rest_route=\/wp\/v2\/posts\/15173\/revisions"}],"predecessor-version":[{"id":15177,"href":"https:\/\/entretormentas.com\/index.php?rest_route=\/wp\/v2\/posts\/15173\/revisions\/15177"}],"wp:featuredmedia":[{"embeddable":true,"href":"https:\/\/entretormentas.com\/index.php?rest_route=\/wp\/v2\/media\/15174"}],"wp:attachment":[{"href":"https:\/\/entretormentas.com\/index.php?rest_route=%2Fwp%2Fv2%2Fmedia&parent=15173"}],"wp:term":[{"taxonomy":"category","embeddable":true,"href":"https:\/\/entretormentas.com\/index.php?rest_route=%2Fwp%2Fv2%2Fcategories&post=15173"},{"taxonomy":"post_tag","embeddable":true,"href":"https:\/\/entretormentas.com\/index.php?rest_route=%2Fwp%2Fv2%2Ftags&post=15173"}],"curies":[{"name":"wp","href":"https:\/\/api.w.org\/{rel}","templated":true}]}}