{"id":15198,"date":"2025-04-09T10:01:11","date_gmt":"2025-04-09T08:01:11","guid":{"rendered":"https:\/\/entretormentas.com\/?p=15198"},"modified":"2025-04-09T10:01:12","modified_gmt":"2025-04-09T08:01:12","slug":"propuesta-nacional-transportistas-plantean-anclar-tarifa-del-pasaje-urbano-a-050","status":"publish","type":"post","link":"https:\/\/entretormentas.com\/propuesta-nacional-transportistas-plantean-anclar-tarifa-del-pasaje-urbano-a-050\/","title":{"rendered":"\u00a1PROPUESTA NACIONAL! Transportistas plantean anclar tarifa del pasaje urbano a $ 0,50"},"content":{"rendered":"\n<p><strong>ENTRE TORMENTAS. <\/strong>El comando intergremial del sector transporte propuso anclar la tarifa del pasaje urbano a 0,50 centavos de d\u00f3lar, equivalente a 37,13 bol\u00edvares para este martes 8 de abril, rese\u00f1\u00f3 Uni\u00f3n Radio.<\/p>\n\n\n\n<p>El planteamiento ser\u00e1 presentado ante el Ministerio del Transporte y la vicepresidencia de la Rep\u00fablica.<\/p>\n\n\n\n<p>La tarifa del pasaje ha mermado su valor en m\u00e1s del 60% desde el \u00faltimo ajuste realizado en diciembre, afirm\u00f3 Luis Trocel, secretario del Comando Intergremial del sector transporte.<\/p>\n\n\n\n<p>\u201c\u00bfA qu\u00e9 acuerdo tenemos que llegar con el Ejecutivo nacional? A cada cu\u00e1nto tiempo vamos a revisar c\u00f3mo est\u00e1 el d\u00f3lar, como lo est\u00e1n haciendo los interurbanos y los comercios\u201d, expres\u00f3 Trocel.<\/p>\n\n\n\n<p>Denunci\u00f3 que en el estado Carabobo les dan 50 litros de combustible diarios e indic\u00f3 que esto no alcanza para cubrir todas las rutas.<br><strong><em>ET \/ Agencias<\/em><\/strong><\/p>\n","protected":false},"excerpt":{"rendered":"<p>ENTRE TORMENTAS. El comando intergremial del sector transporte propuso anclar la tarifa del pasaje urbano&#8230;<\/p>\n","protected":false},"author":2,"featured_media":15199,"comment_status":"closed","ping_status":"open","sticky":false,"template":"","format":"standard","meta":{"footnotes":""},"categories":[56,49],"tags":[],"class_list":["post-15198","post","type-post","status-publish","format-standard","has-post-thumbnail","hentry","category-destacadas","category-nacionales"],"_links":{"self":[{"href":"https:\/\/entretormentas.com\/index.php?rest_route=\/wp\/v2\/posts\/15198","targetHints":{"allow":["GET"]}}],"collection":[{"href":"https:\/\/entretormentas.com\/index.php?rest_route=\/wp\/v2\/posts"}],"about":[{"href":"https:\/\/entretormentas.com\/index.php?rest_route=\/wp\/v2\/types\/post"}],"author":[{"embeddable":true,"href":"https:\/\/entretormentas.com\/index.php?rest_route=\/wp\/v2\/users\/2"}],"replies":[{"embeddable":true,"href":"https:\/\/entretormentas.com\/index.php?rest_route=%2Fwp%2Fv2%2Fcomments&post=15198"}],"version-history":[{"count":1,"href":"https:\/\/entretormentas.com\/index.php?rest_route=\/wp\/v2\/posts\/15198\/revisions"}],"predecessor-version":[{"id":15200,"href":"https:\/\/entretormentas.com\/index.php?rest_route=\/wp\/v2\/posts\/15198\/revisions\/15200"}],"wp:featuredmedia":[{"embeddable":true,"href":"https:\/\/entretormentas.com\/index.php?rest_route=\/wp\/v2\/media\/15199"}],"wp:attachment":[{"href":"https:\/\/entretormentas.com\/index.php?rest_route=%2Fwp%2Fv2%2Fmedia&parent=15198"}],"wp:term":[{"taxonomy":"category","embeddable":true,"href":"https:\/\/entretormentas.com\/index.php?rest_route=%2Fwp%2Fv2%2Fcategories&post=15198"},{"taxonomy":"post_tag","embeddable":true,"href":"https:\/\/entretormentas.com\/index.php?rest_route=%2Fwp%2Fv2%2Ftags&post=15198"}],"curies":[{"name":"wp","href":"https:\/\/api.w.org\/{rel}","templated":true}]}}